{"id":7047,"date":"2019-10-27T10:44:12","date_gmt":"2019-10-27T13:44:12","guid":{"rendered":"http:\/\/blog.app-zen.com\/?p=7047"},"modified":"2020-01-13T16:43:16","modified_gmt":"2020-01-13T19:43:16","slug":"gratidao","status":"publish","type":"post","link":"https:\/\/zenwellness.com.br\/blog\/gratidao\/","title":{"rendered":"O exerc\u00edcio da gratid\u00e3o"},"content":{"rendered":"<p><span style=\"font-weight: 400;\">Voc\u00ea j\u00e1 deve ter lido por a\u00ed que a gratid\u00e3o pode transformar positivamente a nossa vida. Que o simples ato de agradecer pode nos ajudar a alcan\u00e7ar nossos <a href=\"http:\/\/blog.app-zen.com\/objetivos-pessoais\/\" target=\"_blank\" rel=\"noopener noreferrer\">objetivos<\/a> e a realizar sonhos.\u00a0<\/span><\/p>\n<p><span style=\"font-weight: 400;\">Acreditava-se tamb\u00e9m que ela \u00e9 essencial para o bem-estar individual e social. Entretanto, o que h\u00e1 por tr\u00e1s desse simples ato que pode gerar tantas transforma\u00e7\u00f5es? Para descobrir, continue lendo!\u00a0<\/span><\/p>\n<h2><span style=\"font-weight: 400;\">A hist\u00f3ria por tr\u00e1s da gratid\u00e3o<\/span><\/h2>\n<p><span style=\"font-weight: 400;\">O conceito sobre gratid\u00e3o tem conquistado o cora\u00e7\u00e3o e a mente de grandes fil\u00f3sofos e mestres espirituais por s\u00e9culos.\u00a0<\/span><\/p>\n<p><span style=\"font-weight: 400;\">Atualmente, estudos cient\u00edficos sugerem que ela faz bem n\u00e3o s\u00f3 para a nossa sa\u00fade, mas tamb\u00e9m para o nosso conv\u00edvio em sociedade. Um desses estudos, inclusive, sugere que as pessoas gratas s\u00e3o mais felizes, mais saud\u00e1veis, mais motivadas para praticar exerc\u00edcios e t\u00eam <a href=\"http:\/\/blog.app-zen.com\/2-meditacoes-para-melhorar-o-relacionamento-interpessoal\/\" target=\"_blank\" rel=\"noopener noreferrer\">relacionamentos<\/a> mais fortes.\u00a0<\/span><\/p>\n<p><span style=\"font-weight: 400;\">Tendo isso em vista, aqui est\u00e3o 3 insights sobre o poder de se sentir grato:<\/span><\/p>\n<ol>\n<li>\n<h3><span style=\"font-weight: 400;\"> A gratid\u00e3o nos faz sentir mais conectados<\/span><span style=\"font-weight: 400;\"><br \/>\n <\/span><\/h3>\n<\/li>\n<\/ol>\n<p><span style=\"font-weight: 400;\">Quando somos verdadeiramente gratos, buscamos demonstrar isso de forma carinhosa. Experimente dizer a algu\u00e9m que voc\u00ea ama 3 coisas que admira sobre ela e perceba como os sentimentos de amor e compaix\u00e3o despertam quase que imediatamente.<\/span><\/p>\n<ol start=\"3\">\n<li>\n<h3><span style=\"font-weight: 400;\"> A gratid\u00e3o vem do cora\u00e7\u00e3o<\/span><\/h3>\n<\/li>\n<\/ol>\n<p><span style=\"font-weight: 400;\"><a href=\"https:\/\/www.sciencedirect.com\/science\/article\/pii\/S1053811915011532\" target=\"_blank\" rel=\"noopener noreferrer\">Pesquisadores<\/a> estudaram a motiva\u00e7\u00e3o por tr\u00e1s do sentimento de ser grato e descobriram que as pessoas que doaram para uma causa n\u00e3o o fizeram porque se sentiam obrigadas. Pelo contr\u00e1rio, a pesquisa sugere que pessoas agradecidas s\u00e3o motivadas a fazer algo de bom com a bondade de seu cora\u00e7\u00e3o.\u00a0<\/span><\/p>\n<ol start=\"3\">\n<li>\n<h3><span style=\"font-weight: 400;\"> A gratid\u00e3o alivia o estresse<\/span><\/h3>\n<\/li>\n<\/ol>\n<p><span style=\"font-weight: 400;\">Cultivar a gratid\u00e3o atrav\u00e9s de pr\u00e1ticas como a medita\u00e7\u00e3o tem ajudado a <a href=\"https:\/\/www.ncbi.nlm.nih.gov\/pubmed\/28698643\" target=\"_blank\" rel=\"noopener noreferrer\">reduzir a frequ\u00eancia card\u00edaca<\/a>. Estes resultados sugerem que prestar aten\u00e7\u00e3o ao que voc\u00ea \u00e9 grato n\u00e3o s\u00f3 pode ajud\u00e1-lo a lidar com momentos de estresse, mas tamb\u00e9m pode levar a uma vida mais longa e saud\u00e1vel.<br \/>\n <\/span><br \/>\n <span style=\"font-weight: 400;\">No final do dia, n\u00e3o se trata de qu\u00e3o consistentemente voc\u00ea escreve em seu di\u00e1rio pelas coisas a quais voc\u00ea \u00e9 grato. \u00c9 sobre perceber os pequenos momentos. \u00c9 sobre apreciar as pessoas ao seu redor.\u00a0<\/span><\/p>\n<p><span style=\"font-weight: 400;\">Experimente pratica a medita\u00e7\u00e3o guiada \u201cExerc\u00edcio da Gratid\u00e3o\u201d, dispon\u00edvel no <a href=\"http:\/\/blog.app-zen.com\/zen-app-como-desfrutar-ao-maximo-o-melhor-app-de-meditacao\/\" target=\"_blank\" rel=\"noopener noreferrer\">Zen app<\/a>, e comece hoje mesmo a se sentir mais grato!\u00a0<\/span><\/p>\n<p><strong>Exerc\u00edcio da Gratid\u00e3o [<a href=\"https:\/\/app.adjust.com\/cjjrp0d\" target=\"_blank\" rel=\"noopener noreferrer\">Ou\u00e7a Agora<\/a>]<\/strong><\/p>\n<p><a href=\"https:\/\/app.adjust.com\/cjjrp0d\" target=\"_blank\" rel=\"noopener noreferrer\"><img loading=\"lazy\" width=\"750\" height=\"1334\" class=\"alignnone size-full wp-image-6206\" src=\"http:\/\/blog.app-zen.com\/wp-content\/uploads\/2019\/02\/exerc\u00edcio-da-gratid\u00e3o-zen-app-medita\u00e7\u00e3o.png\" alt=\"tela da medita\u00e7\u00e3o guiada &quot;Exerc\u00edcio da Gratid\u00e3o&quot; para elevar a autoestima\" srcset=\"https:\/\/zenwellness.com.br\/blog\/wp-content\/uploads\/2019\/02\/exerc\u00edcio-da-gratid\u00e3o-zen-app-medita\u00e7\u00e3o.png 750w, https:\/\/zenwellness.com.br\/blog\/wp-content\/uploads\/2019\/02\/exerc\u00edcio-da-gratid\u00e3o-zen-app-medita\u00e7\u00e3o-169x300.png 169w, https:\/\/zenwellness.com.br\/blog\/wp-content\/uploads\/2019\/02\/exerc\u00edcio-da-gratid\u00e3o-zen-app-medita\u00e7\u00e3o-576x1024.png 576w, https:\/\/zenwellness.com.br\/blog\/wp-content\/uploads\/2019\/02\/exerc\u00edcio-da-gratid\u00e3o-zen-app-medita\u00e7\u00e3o-300x534.png 300w, https:\/\/zenwellness.com.br\/blog\/wp-content\/uploads\/2019\/02\/exerc\u00edcio-da-gratid\u00e3o-zen-app-medita\u00e7\u00e3o-400x711.png 400w, https:\/\/zenwellness.com.br\/blog\/wp-content\/uploads\/2019\/02\/exerc\u00edcio-da-gratid\u00e3o-zen-app-medita\u00e7\u00e3o-650x1156.png 650w, https:\/\/zenwellness.com.br\/blog\/wp-content\/uploads\/2019\/02\/exerc\u00edcio-da-gratid\u00e3o-zen-app-medita\u00e7\u00e3o-610x1085.png 610w\" sizes=\"(max-width: 750px) 100vw, 750px\" \/><\/a><\/p>\n<p><span style=\"font-weight: 400;\">Para conferir outros conte\u00fados que v\u00e3o ajudar no seu desenvolvimento pessoal, <a href=\"https:\/\/app.adjust.com\/cjjrp0d\" target=\"_blank\" rel=\"noopener noreferrer\">baixe o Zen<\/a>! Dispon\u00edvel para Android e iPhone. <\/span><\/p>\n","protected":false},"excerpt":{"rendered":"Voc\u00ea j\u00e1 deve ter lido por a\u00ed que a gratid\u00e3o pode transformar positivamente a nossa vida. Que o simples ato de agradecer pode nos ajudar a alcan\u00e7ar nossos objetivos e a realizar sonhos.\u00a0 Acreditava-se tamb\u00e9m que ela \u00e9 essencial para o bem-estar individual e social. Entretanto, o que h\u00e1 por tr\u00e1s desse simples ato que","protected":false},"author":1,"featured_media":7082,"comment_status":"open","ping_status":"open","sticky":false,"template":"","format":"standard","meta":[],"categories":[22],"tags":[37,375,66,273,159,40],"yoast_head":"<!-- This site is optimized with the Yoast SEO plugin v19.13 - https:\/\/yoast.com\/wordpress\/plugins\/seo\/ -->\n<title>O Exerc\u00edcio Da Gratid\u00e3o<\/title>\n<meta name=\"description\" content=\"Acreditava-se que a gratid\u00e3o \u00e9 essencial para o bem-estar individual e social - e essa cren\u00e7a ainda \u00e9 muito presente nos dias de hoje. Acesse e saiba mais!\" \/>\n<meta name=\"robots\" content=\"index, follow, max-snippet:-1, max-image-preview:large, max-video-preview:-1\" \/>\n<link rel=\"canonical\" href=\"https:\/\/zenwellness.com.br\/blog\/gratidao\/\" \/>\n<meta property=\"og:locale\" content=\"pt_BR\" \/>\n<meta property=\"og:type\" content=\"article\" \/>\n<meta property=\"og:title\" content=\"O Exerc\u00edcio Da Gratid\u00e3o\" \/>\n<meta property=\"og:description\" content=\"Acreditava-se que a gratid\u00e3o \u00e9 essencial para o bem-estar individual e social - e essa cren\u00e7a ainda \u00e9 muito presente nos dias de hoje. Acesse e saiba mais!\" \/>\n<meta property=\"og:url\" content=\"https:\/\/zenwellness.com.br\/blog\/gratidao\/\" \/>\n<meta property=\"og:site_name\" content=\"Blog Zen\" \/>\n<meta property=\"article:published_time\" content=\"2019-10-27T13:44:12+00:00\" \/>\n<meta property=\"article:modified_time\" content=\"2020-01-13T19:43:16+00:00\" \/>\n<meta property=\"og:image\" content=\"https:\/\/zenwellness.com.br\/blog\/wp-content\/uploads\/2019\/06\/gratidao-e1561642947844.jpg\" \/>\n\t<meta property=\"og:image:width\" content=\"1800\" \/>\n\t<meta property=\"og:image:height\" content=\"1200\" \/>\n\t<meta property=\"og:image:type\" content=\"image\/jpeg\" \/>\n<meta name=\"twitter:card\" content=\"summary_large_image\" \/>\n<meta name=\"twitter:label1\" content=\"Escrito por\" \/>\n\t<meta name=\"twitter:data1\" content=\"\" \/>\n\t<meta name=\"twitter:label2\" content=\"Est. tempo de leitura\" \/>\n\t<meta name=\"twitter:data2\" content=\"2 minutos\" \/>\n<script type=\"application\/ld+json\" class=\"yoast-schema-graph\">{\"@context\":\"https:\/\/schema.org\",\"@graph\":[{\"@type\":\"WebPage\",\"@id\":\"https:\/\/zenwellness.com.br\/blog\/gratidao\/\",\"url\":\"https:\/\/zenwellness.com.br\/blog\/gratidao\/\",\"name\":\"O Exerc\u00edcio Da Gratid\u00e3o\",\"isPartOf\":{\"@id\":\"https:\/\/zenwellness.com.br\/blog\/#website\"},\"datePublished\":\"2019-10-27T13:44:12+00:00\",\"dateModified\":\"2020-01-13T19:43:16+00:00\",\"author\":{\"@id\":\"\"},\"description\":\"Acreditava-se que a gratid\u00e3o \u00e9 essencial para o bem-estar individual e social - e essa cren\u00e7a ainda \u00e9 muito presente nos dias de hoje. Acesse e saiba mais!\",\"breadcrumb\":{\"@id\":\"https:\/\/zenwellness.com.br\/blog\/gratidao\/#breadcrumb\"},\"inLanguage\":\"pt-BR\",\"potentialAction\":[{\"@type\":\"ReadAction\",\"target\":[\"https:\/\/zenwellness.com.br\/blog\/gratidao\/\"]}]},{\"@type\":\"BreadcrumbList\",\"@id\":\"https:\/\/zenwellness.com.br\/blog\/gratidao\/#breadcrumb\",\"itemListElement\":[{\"@type\":\"ListItem\",\"position\":1,\"name\":\"In\u00edcio\",\"item\":\"https:\/\/zenwellness.com.br\/blog\/\"},{\"@type\":\"ListItem\",\"position\":2,\"name\":\"Equil\u00edbrio Emocional\",\"item\":\"https:\/\/zenwellness.com.br\/blog\/equilibrio-emocional\/\"},{\"@type\":\"ListItem\",\"position\":3,\"name\":\"O exerc\u00edcio da gratid\u00e3o\"}]},{\"@type\":\"WebSite\",\"@id\":\"https:\/\/zenwellness.com.br\/blog\/#website\",\"url\":\"https:\/\/zenwellness.com.br\/blog\/\",\"name\":\"Blog Zen\",\"description\":\"\",\"potentialAction\":[{\"@type\":\"SearchAction\",\"target\":{\"@type\":\"EntryPoint\",\"urlTemplate\":\"https:\/\/zenwellness.com.br\/blog\/?s={search_term_string}\"},\"query-input\":\"required name=search_term_string\"}],\"inLanguage\":\"pt-BR\"},{\"@type\":\"Person\",\"@id\":\"\",\"url\":\"https:\/\/zenwellness.com.br\/blog\/author\/\"}]}<\/script>\n<!-- \/ Yoast SEO plugin. -->","yoast_head_json":{"title":"O Exerc\u00edcio Da Gratid\u00e3o","description":"Acreditava-se que a gratid\u00e3o \u00e9 essencial para o bem-estar individual e social - e essa cren\u00e7a ainda \u00e9 muito presente nos dias de hoje. Acesse e saiba mais!","robots":{"index":"index","follow":"follow","max-snippet":"max-snippet:-1","max-image-preview":"max-image-preview:large","max-video-preview":"max-video-preview:-1"},"canonical":"https:\/\/zenwellness.com.br\/blog\/gratidao\/","og_locale":"pt_BR","og_type":"article","og_title":"O Exerc\u00edcio Da Gratid\u00e3o","og_description":"Acreditava-se que a gratid\u00e3o \u00e9 essencial para o bem-estar individual e social - e essa cren\u00e7a ainda \u00e9 muito presente nos dias de hoje. Acesse e saiba mais!","og_url":"https:\/\/zenwellness.com.br\/blog\/gratidao\/","og_site_name":"Blog Zen","article_published_time":"2019-10-27T13:44:12+00:00","article_modified_time":"2020-01-13T19:43:16+00:00","og_image":[{"width":1800,"height":1200,"url":"https:\/\/zenwellness.com.br\/blog\/wp-content\/uploads\/2019\/06\/gratidao-e1561642947844.jpg","type":"image\/jpeg"}],"twitter_card":"summary_large_image","twitter_misc":{"Escrito por":"","Est. tempo de leitura":"2 minutos"},"schema":{"@context":"https:\/\/schema.org","@graph":[{"@type":"WebPage","@id":"https:\/\/zenwellness.com.br\/blog\/gratidao\/","url":"https:\/\/zenwellness.com.br\/blog\/gratidao\/","name":"O Exerc\u00edcio Da Gratid\u00e3o","isPartOf":{"@id":"https:\/\/zenwellness.com.br\/blog\/#website"},"datePublished":"2019-10-27T13:44:12+00:00","dateModified":"2020-01-13T19:43:16+00:00","author":{"@id":""},"description":"Acreditava-se que a gratid\u00e3o \u00e9 essencial para o bem-estar individual e social - e essa cren\u00e7a ainda \u00e9 muito presente nos dias de hoje. Acesse e saiba mais!","breadcrumb":{"@id":"https:\/\/zenwellness.com.br\/blog\/gratidao\/#breadcrumb"},"inLanguage":"pt-BR","potentialAction":[{"@type":"ReadAction","target":["https:\/\/zenwellness.com.br\/blog\/gratidao\/"]}]},{"@type":"BreadcrumbList","@id":"https:\/\/zenwellness.com.br\/blog\/gratidao\/#breadcrumb","itemListElement":[{"@type":"ListItem","position":1,"name":"In\u00edcio","item":"https:\/\/zenwellness.com.br\/blog\/"},{"@type":"ListItem","position":2,"name":"Equil\u00edbrio Emocional","item":"https:\/\/zenwellness.com.br\/blog\/equilibrio-emocional\/"},{"@type":"ListItem","position":3,"name":"O exerc\u00edcio da gratid\u00e3o"}]},{"@type":"WebSite","@id":"https:\/\/zenwellness.com.br\/blog\/#website","url":"https:\/\/zenwellness.com.br\/blog\/","name":"Blog Zen","description":"","potentialAction":[{"@type":"SearchAction","target":{"@type":"EntryPoint","urlTemplate":"https:\/\/zenwellness.com.br\/blog\/?s={search_term_string}"},"query-input":"required name=search_term_string"}],"inLanguage":"pt-BR"},{"@type":"Person","@id":"","url":"https:\/\/zenwellness.com.br\/blog\/author\/"}]}},"_links":{"self":[{"href":"https:\/\/zenwellness.com.br\/blog\/wp-json\/wp\/v2\/posts\/7047"}],"collection":[{"href":"https:\/\/zenwellness.com.br\/blog\/wp-json\/wp\/v2\/posts"}],"about":[{"href":"https:\/\/zenwellness.com.br\/blog\/wp-json\/wp\/v2\/types\/post"}],"author":[{"embeddable":true,"href":"https:\/\/zenwellness.com.br\/blog\/wp-json\/wp\/v2\/users\/1"}],"replies":[{"embeddable":true,"href":"https:\/\/zenwellness.com.br\/blog\/wp-json\/wp\/v2\/comments?post=7047"}],"version-history":[{"count":6,"href":"https:\/\/zenwellness.com.br\/blog\/wp-json\/wp\/v2\/posts\/7047\/revisions"}],"predecessor-version":[{"id":10861,"href":"https:\/\/zenwellness.com.br\/blog\/wp-json\/wp\/v2\/posts\/7047\/revisions\/10861"}],"wp:featuredmedia":[{"embeddable":true,"href":"https:\/\/zenwellness.com.br\/blog\/wp-json\/wp\/v2\/media\/7082"}],"wp:attachment":[{"href":"https:\/\/zenwellness.com.br\/blog\/wp-json\/wp\/v2\/media?parent=7047"}],"wp:term":[{"taxonomy":"category","embeddable":true,"href":"https:\/\/zenwellness.com.br\/blog\/wp-json\/wp\/v2\/categories?post=7047"},{"taxonomy":"post_tag","embeddable":true,"href":"https:\/\/zenwellness.com.br\/blog\/wp-json\/wp\/v2\/tags?post=7047"}],"curies":[{"name":"wp","href":"https:\/\/api.w.org\/{rel}","templated":true}]}}