{"id":6041,"date":"2019-01-15T11:22:12","date_gmt":"2019-01-15T14:22:12","guid":{"rendered":"http:\/\/blog.app-zen.com\/?p=6041"},"modified":"2019-02-11T08:53:24","modified_gmt":"2019-02-11T11:53:24","slug":"meditar-reduz-os-sintomas-do-ataque-de-panico","status":"publish","type":"post","link":"https:\/\/zenwellness.com.br\/blog\/meditar-reduz-os-sintomas-do-ataque-de-panico\/","title":{"rendered":"Meditar reduz os sintomas do ataque de p\u00e2nico"},"content":{"rendered":"<p>Mais comum do que se imagina e por vezes confundida com um ataque do cora\u00e7\u00e3o, os sintomas do ataque de p\u00e2nico ocorrem sem aviso pr\u00e9vio e afetam a vida de v\u00e1rias pessoas.\u00a0<\/p>\n<p>Apenas aqueles que passam ou passaram por um ataque de p\u00e2nico sabem o qu\u00e3o dolorosa \u00e9 a experi\u00eancia. No post de hoje vamos falar sobre como a medita\u00e7\u00e3o pode ajudar na redu\u00e7\u00e3o dos sintomas do ataque de p\u00e2nico. Continue lendo!<\/p>\n<h2><strong>O que \u00e9 um ataque de p\u00e2nico<\/strong><\/h2>\n<p>Muitas pessoas experienciam um ataque de p\u00e2nico, mas por falta de conhecimento e at\u00e9 por n\u00e3o saber ao certo o que est\u00e1 acontecendo n\u00e3o procuram por ajuda m\u00e9dica.<\/p>\n<p>Sendo um dos <a href=\"http:\/\/blog.app-zen.com\/transtorno-de-ansiedade-o-que-e-essa-doenca-e-como-evita-la\/\" target=\"_blank\" rel=\"noopener\">transtornos de ansiedade<\/a>, o ataque de p\u00e2nico \u00e9 quando se sente um n\u00edvel extremo de ansiedade. Para quem nunca experienciou pode ser dif\u00edcil compreender, assim como \u00e9 tamb\u00e9m para pessoas que sofrem constantemente com sintomas do ataque de p\u00e2nico.<\/p>\n<p>Diante de um ataque, a pessoa tem a certeza que est\u00e1 morrendo. O medo \u00e9 t\u00e3o absurdo que os sintomas lembram os mesmos de um ataque card\u00edaco. Por isso, \u00e9 comum ver pessoas irem ao pronto de socorro achando que est\u00e3o tendo um ataque card\u00edaco, mas na verdade \u00e9 um ataque de p\u00e2nico.<\/p>\n<h2><strong>Sintomas do ataque de p\u00e2nico<\/strong><\/h2>\n<p>Os principais sintomas do ataque de p\u00e2nico s\u00e3o:<\/p>\n<p>&#8211; Sensa\u00e7\u00e3o de sufocamento ou dificuldade para respirar; <br \/>\n &#8211; Ritmo card\u00edaco acelerado, palpita\u00e7\u00f5es;<br \/>\n &#8211; Sudorese;<br \/>\n &#8211; Formigamento ou adormecimento de algumas partes do corpo; <br \/>\n &#8211; Dor ou desconforto no peito;<br \/>\n &#8211; Medo extremo (de perder o controle, de ficar louco, de morrer&#8230;);<br \/>\n &#8211; Tremores; <br \/>\n &#8211; Dor de est\u00f4mago,<br \/>\n &#8211; N\u00e1useas; <br \/>\n &#8211; Sensa\u00e7\u00e3o de irrealidade;<br \/>\n &#8211; Calafrios.<\/p>\n<p>Vale ressaltar que os sintomas podem variar de acordo com a pessoa. Esses s\u00e3o os principais sintomas relacionados a um ataque de p\u00e2nico. Para descobrir se voc\u00ea j\u00e1 teve ou est\u00e1 tendo ataques, procure atendimento m\u00e9dico.<\/p>\n<p><strong>&gt;&gt; <a href=\"http:\/\/blog.app-zen.com\/teste-ataque-de-panico\/\" target=\"_blank\" rel=\"noopener\">TESTE: Ataque de P\u00e2nico, ser\u00e1 que j\u00e1 aconteceu com voc\u00ea?<\/a><\/strong><\/p>\n<h3><strong>Como a medita\u00e7\u00e3o pode ajudar<\/strong><\/h3>\n<p>A medita\u00e7\u00e3o \u00e9 uma pr\u00e1tica que est\u00e1 ganhando espa\u00e7o na vida de muitas pessoas cada vez mais. \u00c9 uma pr\u00e1tica que traz paz interior e relaxamento, tudo que precisamos em um mundo cada vez mais acelerado, n\u00e3o \u00e9 mesmo?<\/p>\n<p>A <a href=\"https:\/\/ajp.psychiatryonline.org\/doi\/abs\/10.1176\/ajp.149.7.936\" target=\"_blank\" rel=\"noopener\">American Journal of Psychiatry<\/a> publicou um estudo que indica que a medita\u00e7\u00e3o pode ser eficaz na redu\u00e7\u00e3o dos sintomas do ataque de p\u00e2nico quando praticada regularmente.<\/p>\n<p>No estudo, 22 pacientes diagnosticados com ansiedade ou p\u00e2nico foram submetidos a tr\u00eas meses de treinamentos de medita\u00e7\u00e3o. Como resultado, 20 desses pacientes tiverem efetivamente os sintomas reduzidos.<\/p>\n<p>Se voc\u00ea conhece ou sofre com ansiedade e p\u00e2nico, a medita\u00e7\u00e3o realmente pode ser aliada ao seu tratamento. Tente meditar um pouco a cada dia e veja como voc\u00ea se sentir\u00e1 mais tranquilo e presente no seu dia.<\/p>\n<p>No <a href=\"https:\/\/app.adjust.com\/wjj5z68\" target=\"_blank\" rel=\"noopener\">Zen app<\/a>, por exemplo, voc\u00ea encontra <a href=\"http:\/\/www.julianagoes.com.br\/4-meditacoes-guiadas-para-um-dia-melhor\/\" target=\"_blank\" rel=\"noopener\">medita\u00e7\u00f5es guiadas<\/a> para os mais diversos objetivos, inclusive para aliviar esses ataques. Experimente praticar a medita\u00e7\u00e3o \u201c<a href=\"https:\/\/app.adjust.com\/wjj5z68\" target=\"_blank\" rel=\"noopener\">S\u00edndrome do P\u00e2nico<\/a>\u201d.<\/p>\n<p><strong>S\u00cdNDROME DO P\u00c2NICO [<a href=\"https:\/\/app.adjust.com\/wjj5z68\" target=\"_blank\" rel=\"noopener\">TESTAR AGORA<\/a>]<\/strong><\/p>\n<p><a href=\"https:\/\/app.adjust.com\/wjj5z68\" target=\"_blank\" rel=\"noopener\"><img loading=\"lazy\" class=\"alignnone size-full wp-image-6042\" src=\"http:\/\/blog.app-zen.com\/wp-content\/uploads\/2019\/01\/medita\u00e7\u00e3o-guiada-s\u00edndrome-do-p\u00e2nico-zen-app.png\" alt=\"tela da medita\u00e7\u00e3o guiada &quot;S\u00edndrome do P\u00e2nico&quot; para reduzir os sintomas do ataque de p\u00e2nico\" width=\"750\" height=\"1334\" srcset=\"https:\/\/zenwellness.com.br\/blog\/wp-content\/uploads\/2019\/01\/medita\u00e7\u00e3o-guiada-s\u00edndrome-do-p\u00e2nico-zen-app.png 750w, https:\/\/zenwellness.com.br\/blog\/wp-content\/uploads\/2019\/01\/medita\u00e7\u00e3o-guiada-s\u00edndrome-do-p\u00e2nico-zen-app-169x300.png 169w, https:\/\/zenwellness.com.br\/blog\/wp-content\/uploads\/2019\/01\/medita\u00e7\u00e3o-guiada-s\u00edndrome-do-p\u00e2nico-zen-app-576x1024.png 576w, https:\/\/zenwellness.com.br\/blog\/wp-content\/uploads\/2019\/01\/medita\u00e7\u00e3o-guiada-s\u00edndrome-do-p\u00e2nico-zen-app-300x534.png 300w, https:\/\/zenwellness.com.br\/blog\/wp-content\/uploads\/2019\/01\/medita\u00e7\u00e3o-guiada-s\u00edndrome-do-p\u00e2nico-zen-app-400x711.png 400w, https:\/\/zenwellness.com.br\/blog\/wp-content\/uploads\/2019\/01\/medita\u00e7\u00e3o-guiada-s\u00edndrome-do-p\u00e2nico-zen-app-650x1156.png 650w, https:\/\/zenwellness.com.br\/blog\/wp-content\/uploads\/2019\/01\/medita\u00e7\u00e3o-guiada-s\u00edndrome-do-p\u00e2nico-zen-app-610x1085.png 610w\" sizes=\"(max-width: 750px) 100vw, 750px\" \/><\/a><\/p>\n<h5><strong>Precisando de mais tranquilidade? Conhe\u00e7a o Zen! <\/strong><\/h5>\n<p>O Zen \u00e9 um aplicativo de medita\u00e7\u00e3o com ferramentas que ajudam no desenvolvimento pessoal e equil\u00edbrio emocional.<\/p>\n<p>S\u00e3o centenas de medita\u00e7\u00f5es em portugu\u00eas, ingl\u00eas e espanhol! Programas exclusivos, infinitas frases motivacionais e uma se\u00e7\u00e3o incr\u00edvel de \u201cTerapia\u201d.<\/p>\n<p>Aproveite e <a href=\"https:\/\/app.adjust.com\/wjj5z68\" target=\"_blank\" rel=\"noopener\">baixe agora<\/a>\u00a0o Zen! Dispon\u00edvel para <a href=\"https:\/\/app.adjust.com\/wjj5z68\" target=\"_blank\" rel=\"noopener\">iPhone<\/a> e <a href=\"https:\/\/app.adjust.com\/wjj5z68\" target=\"_blank\" rel=\"noopener\">Android<\/a>.<\/p>\n","protected":false},"excerpt":{"rendered":"Mais comum do que se imagina e por vezes confundida com um ataque do cora\u00e7\u00e3o, os sintomas do ataque de p\u00e2nico ocorrem sem aviso pr\u00e9vio e afetam a vida de v\u00e1rias pessoas.\u00a0 Apenas aqueles que passam ou passaram por um ataque de p\u00e2nico sabem o qu\u00e3o dolorosa \u00e9 a experi\u00eancia. No post de hoje vamos","protected":false},"author":3,"featured_media":6044,"comment_status":"open","ping_status":"open","sticky":false,"template":"","format":"standard","meta":[],"categories":[84],"tags":[321,165,333,159],"yoast_head":"<!-- This site is optimized with the Yoast SEO plugin v19.13 - https:\/\/yoast.com\/wordpress\/plugins\/seo\/ -->\n<title>Meditar Reduz Os Sintomas Do Ataque De P\u00e2nico<\/title>\n<meta name=\"description\" content=\"No post de hoje vamos falar sobre como a medita\u00e7\u00e3o pode ajudar na redu\u00e7\u00e3o dos sintomas de ataque de p\u00e2nico. Continue lendo!\" \/>\n<meta name=\"robots\" content=\"index, follow, max-snippet:-1, max-image-preview:large, max-video-preview:-1\" \/>\n<link rel=\"canonical\" href=\"https:\/\/zenwellness.com.br\/blog\/meditar-reduz-os-sintomas-do-ataque-de-panico\/\" \/>\n<meta property=\"og:locale\" content=\"pt_BR\" \/>\n<meta property=\"og:type\" content=\"article\" \/>\n<meta property=\"og:title\" content=\"Meditar Reduz Os Sintomas Do Ataque De P\u00e2nico\" \/>\n<meta property=\"og:description\" content=\"No post de hoje vamos falar sobre como a medita\u00e7\u00e3o pode ajudar na redu\u00e7\u00e3o dos sintomas de ataque de p\u00e2nico. Continue lendo!\" \/>\n<meta property=\"og:url\" content=\"https:\/\/zenwellness.com.br\/blog\/meditar-reduz-os-sintomas-do-ataque-de-panico\/\" \/>\n<meta property=\"og:site_name\" content=\"Blog Zen\" \/>\n<meta property=\"article:published_time\" content=\"2019-01-15T14:22:12+00:00\" \/>\n<meta property=\"article:modified_time\" content=\"2019-02-11T11:53:24+00:00\" \/>\n<meta property=\"og:image\" content=\"https:\/\/zenwellness.com.br\/blog\/wp-content\/uploads\/2019\/01\/sintomas-ataque-de-panico-e1547562350695.jpg\" \/>\n\t<meta property=\"og:image:width\" content=\"1200\" \/>\n\t<meta property=\"og:image:height\" content=\"801\" \/>\n\t<meta property=\"og:image:type\" content=\"image\/jpeg\" \/>\n<meta name=\"author\" content=\"Zen App\" \/>\n<meta name=\"twitter:card\" content=\"summary_large_image\" \/>\n<meta name=\"twitter:label1\" content=\"Escrito por\" \/>\n\t<meta name=\"twitter:data1\" content=\"Zen App\" \/>\n\t<meta name=\"twitter:label2\" content=\"Est. tempo de leitura\" \/>\n\t<meta name=\"twitter:data2\" content=\"3 minutos\" \/>\n<script type=\"application\/ld+json\" class=\"yoast-schema-graph\">{\"@context\":\"https:\/\/schema.org\",\"@graph\":[{\"@type\":\"WebPage\",\"@id\":\"https:\/\/zenwellness.com.br\/blog\/meditar-reduz-os-sintomas-do-ataque-de-panico\/\",\"url\":\"https:\/\/zenwellness.com.br\/blog\/meditar-reduz-os-sintomas-do-ataque-de-panico\/\",\"name\":\"Meditar Reduz Os Sintomas Do Ataque De P\u00e2nico\",\"isPartOf\":{\"@id\":\"https:\/\/zenwellness.com.br\/blog\/#website\"},\"datePublished\":\"2019-01-15T14:22:12+00:00\",\"dateModified\":\"2019-02-11T11:53:24+00:00\",\"author\":{\"@id\":\"https:\/\/zenwellness.com.br\/blog\/#\/schema\/person\/dc3b6c111f1f8688c7b4c9aaedcf1334\"},\"description\":\"No post de hoje vamos falar sobre como a medita\u00e7\u00e3o pode ajudar na redu\u00e7\u00e3o dos sintomas de ataque de p\u00e2nico. Continue lendo!\",\"breadcrumb\":{\"@id\":\"https:\/\/zenwellness.com.br\/blog\/meditar-reduz-os-sintomas-do-ataque-de-panico\/#breadcrumb\"},\"inLanguage\":\"pt-BR\",\"potentialAction\":[{\"@type\":\"ReadAction\",\"target\":[\"https:\/\/zenwellness.com.br\/blog\/meditar-reduz-os-sintomas-do-ataque-de-panico\/\"]}]},{\"@type\":\"BreadcrumbList\",\"@id\":\"https:\/\/zenwellness.com.br\/blog\/meditar-reduz-os-sintomas-do-ataque-de-panico\/#breadcrumb\",\"itemListElement\":[{\"@type\":\"ListItem\",\"position\":1,\"name\":\"In\u00edcio\",\"item\":\"https:\/\/zenwellness.com.br\/blog\/\"},{\"@type\":\"ListItem\",\"position\":2,\"name\":\"Ansiedade\",\"item\":\"https:\/\/zenwellness.com.br\/blog\/ansiedade\/\"},{\"@type\":\"ListItem\",\"position\":3,\"name\":\"Meditar reduz os sintomas do ataque de p\u00e2nico\"}]},{\"@type\":\"WebSite\",\"@id\":\"https:\/\/zenwellness.com.br\/blog\/#website\",\"url\":\"https:\/\/zenwellness.com.br\/blog\/\",\"name\":\"Blog Zen\",\"description\":\"\",\"potentialAction\":[{\"@type\":\"SearchAction\",\"target\":{\"@type\":\"EntryPoint\",\"urlTemplate\":\"https:\/\/zenwellness.com.br\/blog\/?s={search_term_string}\"},\"query-input\":\"required name=search_term_string\"}],\"inLanguage\":\"pt-BR\"},{\"@type\":\"Person\",\"@id\":\"https:\/\/zenwellness.com.br\/blog\/#\/schema\/person\/dc3b6c111f1f8688c7b4c9aaedcf1334\",\"name\":\"Zen App\",\"image\":{\"@type\":\"ImageObject\",\"inLanguage\":\"pt-BR\",\"@id\":\"https:\/\/zenwellness.com.br\/blog\/#\/schema\/person\/image\/\",\"url\":\"https:\/\/secure.gravatar.com\/avatar\/e1a1039aa8b9eabcae4ac096ddf633a4?s=96&d=mm&r=g\",\"contentUrl\":\"https:\/\/secure.gravatar.com\/avatar\/e1a1039aa8b9eabcae4ac096ddf633a4?s=96&d=mm&r=g\",\"caption\":\"Zen App\"},\"url\":\"https:\/\/zenwellness.com.br\/blog\/author\/zenapp\/\"}]}<\/script>\n<!-- \/ Yoast SEO plugin. -->","yoast_head_json":{"title":"Meditar Reduz Os Sintomas Do Ataque De P\u00e2nico","description":"No post de hoje vamos falar sobre como a medita\u00e7\u00e3o pode ajudar na redu\u00e7\u00e3o dos sintomas de ataque de p\u00e2nico. Continue lendo!","robots":{"index":"index","follow":"follow","max-snippet":"max-snippet:-1","max-image-preview":"max-image-preview:large","max-video-preview":"max-video-preview:-1"},"canonical":"https:\/\/zenwellness.com.br\/blog\/meditar-reduz-os-sintomas-do-ataque-de-panico\/","og_locale":"pt_BR","og_type":"article","og_title":"Meditar Reduz Os Sintomas Do Ataque De P\u00e2nico","og_description":"No post de hoje vamos falar sobre como a medita\u00e7\u00e3o pode ajudar na redu\u00e7\u00e3o dos sintomas de ataque de p\u00e2nico. Continue lendo!","og_url":"https:\/\/zenwellness.com.br\/blog\/meditar-reduz-os-sintomas-do-ataque-de-panico\/","og_site_name":"Blog Zen","article_published_time":"2019-01-15T14:22:12+00:00","article_modified_time":"2019-02-11T11:53:24+00:00","og_image":[{"width":1200,"height":801,"url":"https:\/\/zenwellness.com.br\/blog\/wp-content\/uploads\/2019\/01\/sintomas-ataque-de-panico-e1547562350695.jpg","type":"image\/jpeg"}],"author":"Zen App","twitter_card":"summary_large_image","twitter_misc":{"Escrito por":"Zen App","Est. tempo de leitura":"3 minutos"},"schema":{"@context":"https:\/\/schema.org","@graph":[{"@type":"WebPage","@id":"https:\/\/zenwellness.com.br\/blog\/meditar-reduz-os-sintomas-do-ataque-de-panico\/","url":"https:\/\/zenwellness.com.br\/blog\/meditar-reduz-os-sintomas-do-ataque-de-panico\/","name":"Meditar Reduz Os Sintomas Do Ataque De P\u00e2nico","isPartOf":{"@id":"https:\/\/zenwellness.com.br\/blog\/#website"},"datePublished":"2019-01-15T14:22:12+00:00","dateModified":"2019-02-11T11:53:24+00:00","author":{"@id":"https:\/\/zenwellness.com.br\/blog\/#\/schema\/person\/dc3b6c111f1f8688c7b4c9aaedcf1334"},"description":"No post de hoje vamos falar sobre como a medita\u00e7\u00e3o pode ajudar na redu\u00e7\u00e3o dos sintomas de ataque de p\u00e2nico. Continue lendo!","breadcrumb":{"@id":"https:\/\/zenwellness.com.br\/blog\/meditar-reduz-os-sintomas-do-ataque-de-panico\/#breadcrumb"},"inLanguage":"pt-BR","potentialAction":[{"@type":"ReadAction","target":["https:\/\/zenwellness.com.br\/blog\/meditar-reduz-os-sintomas-do-ataque-de-panico\/"]}]},{"@type":"BreadcrumbList","@id":"https:\/\/zenwellness.com.br\/blog\/meditar-reduz-os-sintomas-do-ataque-de-panico\/#breadcrumb","itemListElement":[{"@type":"ListItem","position":1,"name":"In\u00edcio","item":"https:\/\/zenwellness.com.br\/blog\/"},{"@type":"ListItem","position":2,"name":"Ansiedade","item":"https:\/\/zenwellness.com.br\/blog\/ansiedade\/"},{"@type":"ListItem","position":3,"name":"Meditar reduz os sintomas do ataque de p\u00e2nico"}]},{"@type":"WebSite","@id":"https:\/\/zenwellness.com.br\/blog\/#website","url":"https:\/\/zenwellness.com.br\/blog\/","name":"Blog Zen","description":"","potentialAction":[{"@type":"SearchAction","target":{"@type":"EntryPoint","urlTemplate":"https:\/\/zenwellness.com.br\/blog\/?s={search_term_string}"},"query-input":"required name=search_term_string"}],"inLanguage":"pt-BR"},{"@type":"Person","@id":"https:\/\/zenwellness.com.br\/blog\/#\/schema\/person\/dc3b6c111f1f8688c7b4c9aaedcf1334","name":"Zen App","image":{"@type":"ImageObject","inLanguage":"pt-BR","@id":"https:\/\/zenwellness.com.br\/blog\/#\/schema\/person\/image\/","url":"https:\/\/secure.gravatar.com\/avatar\/e1a1039aa8b9eabcae4ac096ddf633a4?s=96&d=mm&r=g","contentUrl":"https:\/\/secure.gravatar.com\/avatar\/e1a1039aa8b9eabcae4ac096ddf633a4?s=96&d=mm&r=g","caption":"Zen App"},"url":"https:\/\/zenwellness.com.br\/blog\/author\/zenapp\/"}]}},"_links":{"self":[{"href":"https:\/\/zenwellness.com.br\/blog\/wp-json\/wp\/v2\/posts\/6041"}],"collection":[{"href":"https:\/\/zenwellness.com.br\/blog\/wp-json\/wp\/v2\/posts"}],"about":[{"href":"https:\/\/zenwellness.com.br\/blog\/wp-json\/wp\/v2\/types\/post"}],"author":[{"embeddable":true,"href":"https:\/\/zenwellness.com.br\/blog\/wp-json\/wp\/v2\/users\/3"}],"replies":[{"embeddable":true,"href":"https:\/\/zenwellness.com.br\/blog\/wp-json\/wp\/v2\/comments?post=6041"}],"version-history":[{"count":1,"href":"https:\/\/zenwellness.com.br\/blog\/wp-json\/wp\/v2\/posts\/6041\/revisions"}],"predecessor-version":[{"id":6517,"href":"https:\/\/zenwellness.com.br\/blog\/wp-json\/wp\/v2\/posts\/6041\/revisions\/6517"}],"wp:featuredmedia":[{"embeddable":true,"href":"https:\/\/zenwellness.com.br\/blog\/wp-json\/wp\/v2\/media\/6044"}],"wp:attachment":[{"href":"https:\/\/zenwellness.com.br\/blog\/wp-json\/wp\/v2\/media?parent=6041"}],"wp:term":[{"taxonomy":"category","embeddable":true,"href":"https:\/\/zenwellness.com.br\/blog\/wp-json\/wp\/v2\/categories?post=6041"},{"taxonomy":"post_tag","embeddable":true,"href":"https:\/\/zenwellness.com.br\/blog\/wp-json\/wp\/v2\/tags?post=6041"}],"curies":[{"name":"wp","href":"https:\/\/api.w.org\/{rel}","templated":true}]}}