{"id":5820,"date":"2018-11-27T11:38:08","date_gmt":"2018-11-27T14:38:08","guid":{"rendered":"http:\/\/blog.app-zen.com\/?p=5820"},"modified":"2019-02-11T08:49:01","modified_gmt":"2019-02-11T11:49:01","slug":"o-que-e-meditar","status":"publish","type":"post","link":"https:\/\/zenwellness.com.br\/blog\/o-que-e-meditar\/","title":{"rendered":"O que \u00e9 meditar e como come\u00e7ar a praticar"},"content":{"rendered":"<p><em>\u201cMeditar vai melhorar a sua vida. Eu medito todos os dias. Depois que comecei a meditar a minha vida mudou. Hoje sou uma pessoa melhor gra\u00e7as a medita\u00e7\u00e3o.\u201d<\/em> Essas e outras frases s\u00e3o comuns de pessoas que come\u00e7aram a meditar e se redescobriram, mas ainda fica a d\u00favida para aqueles que ainda n\u00e3o come\u00e7aram a praticar: afinal, o que \u00e9 meditar?<\/p>\n<p>Nesse post voc\u00ea vai enfim descobrir o que \u00e9 meditar e tamb\u00e9m aprender\u00e1 como come\u00e7ar a praticar. Vamos l\u00e1?<\/p>\n<h2><strong>O que \u00e9 meditar<\/strong><\/h2>\n<p>\u00c9 estar presente. Vivenciar cada dia, cada hora e cada minuto da sua vida como um todo.\u00a0 \u00c9 caminhar, conversar, comer, respirar, enfim, viver consciente. Sabendo que voc\u00ea \u00e9 respons\u00e1vel por aquilo que pensa.<\/p>\n<p>Em partes o mundo moderno tem facilitado a nossa dispers\u00e3o do momento presente. Estamos atarefados, com pressa, pensando no amanh\u00e3. No pr\u00f3ximo lan\u00e7amento, no pr\u00f3ximo almo\u00e7o, na pr\u00f3xima conversa e at\u00e9 mesmo na pr\u00f3xima vida. A consequ\u00eancia? Deixamos de viver o agora.<\/p>\n<p>Algumas associa\u00e7\u00f5es ainda s\u00e3o comuns quando falamos sobre medita\u00e7\u00e3o, por exemplo, meditar \u00e9 silenciar os pensamentos.<\/p>\n<p>O que querem dizer com o sil\u00eancio dos pensamentos n\u00e3o \u00e9 o sil\u00eancio que estamos habituados, \u00e9 colocar-se na posi\u00e7\u00e3o de observador e <a href=\"https:\/\/zenwellness.com.br\/blog\/auto-observacao\/\" target=\"_blank\" rel=\"noopener\">praticar a auto-observa\u00e7\u00e3o<\/a>. \u00c9 deixar que os pensamentos surjam, mas sem se apegar a ele. Acredito que isso traduza um pouco o que \u00e9 meditar.<\/p>\n<h3><strong>Qual o objetivo da medita\u00e7\u00e3o<\/strong><\/h3>\n<p>Meditar \u00e9 uma experi\u00eancia individual, cada um vai descobrir <a href=\"https:\/\/zenwellness.com.br\/blog\/como-meditar-descubra-qual-a-sua-maneira-ideal-para-comecar\/\" target=\"_blank\" rel=\"noopener\">qual a sua maneira ideal de meditar<\/a> e ir\u00e1 experienciar todo o processo meditativo de forma muito particular e tamb\u00e9m de acordo com os seus objetivos.<\/p>\n<p>Existem pessoas que utilizam da medita\u00e7\u00e3o para dormir melhor, antes de uma reuni\u00e3o ou evento importante, para relaxar durante um voo, aliviar dores emocionais, <a href=\"https:\/\/zenwellness.com.br\/blog\/3-meditacoes-guiadas-para-reduzir-o-estresse\/\" target=\"_blank\" rel=\"noopener\">reduzir o estresse<\/a>, etc.<\/p>\n<p>T\u00eam aquelas pessoas que transformam em h\u00e1bito, e com isso absorvem ainda mais os benef\u00edcios da medita\u00e7\u00e3o.<\/p>\n<p>O objetivo principal da medita\u00e7\u00e3o \u00e9 a presen\u00e7a e a consequ\u00eancia dela \u00e9: a felicidade, a resili\u00eancia, a <a href=\"https:\/\/zenwellness.com.br\/blog\/autorrealizacao\/\" target=\"_blank\" rel=\"noopener\">autorrealiza\u00e7\u00e3o<\/a>, a tranquilidade, o autoconhecimento e muito mais. Por\u00e9m, voc\u00ea s\u00f3 ir\u00e1 descobrir o que \u00e9 meditar se come\u00e7ar, se sentir que precisa dar o primeiro passo.<\/p>\n<h2><strong>Dicas para come\u00e7ar a praticar<\/strong><\/h2>\n<p>N\u00e3o existem muitos segredos para come\u00e7ar, mas existem algumas dicas que facilitam a pr\u00e1tica, como:\u00a0\u00a0<\/p>\n<ol>\n<li><strong>Aceitar os seus pensamentos:<\/strong> n\u00e3o crie expectativas, os seus pensamentos n\u00e3o ir\u00e3o sumir de uma hora para a outra. Voc\u00ea ir\u00e1 aprender a observ\u00e1-los e a n\u00e3o se apegar a eles;<\/li>\n<li><strong>Estabelecer uma rotina:<\/strong> para come\u00e7ar a perceber os benef\u00edcios da pr\u00e1tica \u00e9 preciso praticar diariamente. Uma sugest\u00e3o \u00e9 praticar uma medita\u00e7\u00e3o matinal para come\u00e7ar o dia bem;<\/li>\n<li><strong>Encontrar a sua t\u00e9cnica<\/strong>: existem diversos tipos e t\u00e9cnicas de medita\u00e7\u00e3o. Explore esse universo e descubra qual a que faz mais sentido para voc\u00ea.<\/li>\n<\/ol>\n<p>Quando em uma conversa surge a oportunidade de indicar a medita\u00e7\u00e3o para algum amigo que nunca meditou, sempre indico a medita\u00e7\u00e3o guiada <a href=\"https:\/\/app.adjust.com\/8r0lq48\" target=\"_blank\" rel=\"noopener\">Samavritti Pranayama<\/a>, dispon\u00edvel no <a href=\"https:\/\/app.adjust.com\/8r0lq48\" target=\"_blank\" rel=\"noopener\">Zen app<\/a>.<\/p>\n<p>Uma t\u00e9cnica de respira\u00e7\u00e3o que pode ser feita em qualquer lugar e a qualquer momento. Essa t\u00e9cnica em especial \u00e9 \u00f3tima para as pessoas que est\u00e3o sofrendo com a <a href=\"http:\/\/www.julianagoes.com.br\/meditacao-para-ansiedade\/\" target=\"_blank\" rel=\"noopener\">ansiedade<\/a> ou est\u00e3o enfrentando situa\u00e7\u00f5es estressantes e que precisam se acalmar.<\/p>\n<h4><strong>SAMAVRITTI PRANAYAMA [<a href=\"https:\/\/app.adjust.com\/8r0lq48\" target=\"_blank\" rel=\"noopener\">OUVIR AGORA<\/a>]<\/strong><\/h4>\n<p><a href=\"https:\/\/app.adjust.com\/8r0lq48\" target=\"_blank\" rel=\"noopener\"><img loading=\"lazy\" class=\"alignnone size-full wp-image-5823\" src=\"http:\/\/blog.app-zen.com\/wp-content\/uploads\/2018\/11\/medita\u00e7\u00e3o-guiada-samavritti-pranayama-zen-app.png\" alt=\"tela da medita\u00e7\u00e3o Samavritti Pranayama do Zen app para quem quer aprender o que \u00e9 meditar\" width=\"750\" height=\"1334\" srcset=\"https:\/\/zenwellness.com.br\/blog\/wp-content\/uploads\/2018\/11\/medita\u00e7\u00e3o-guiada-samavritti-pranayama-zen-app.png 750w, https:\/\/zenwellness.com.br\/blog\/wp-content\/uploads\/2018\/11\/medita\u00e7\u00e3o-guiada-samavritti-pranayama-zen-app-169x300.png 169w, https:\/\/zenwellness.com.br\/blog\/wp-content\/uploads\/2018\/11\/medita\u00e7\u00e3o-guiada-samavritti-pranayama-zen-app-576x1024.png 576w, https:\/\/zenwellness.com.br\/blog\/wp-content\/uploads\/2018\/11\/medita\u00e7\u00e3o-guiada-samavritti-pranayama-zen-app-300x534.png 300w, https:\/\/zenwellness.com.br\/blog\/wp-content\/uploads\/2018\/11\/medita\u00e7\u00e3o-guiada-samavritti-pranayama-zen-app-400x711.png 400w, https:\/\/zenwellness.com.br\/blog\/wp-content\/uploads\/2018\/11\/medita\u00e7\u00e3o-guiada-samavritti-pranayama-zen-app-650x1156.png 650w, https:\/\/zenwellness.com.br\/blog\/wp-content\/uploads\/2018\/11\/medita\u00e7\u00e3o-guiada-samavritti-pranayama-zen-app-610x1085.png 610w\" sizes=\"(max-width: 750px) 100vw, 750px\" \/><\/a><\/p>\n<p>E \u00e9 certeiro, depois de alguns dias a pessoa volta para me agradecer, dizer que fez a diferen\u00e7a e se mostra interessada ainda mais sobre o que \u00e9 meditar e como ela pode aprender mais.<\/p>\n<p>Depois disso, sugiro que ela comece o <a href=\"https:\/\/app.adjust.com\/8r0lq48\" target=\"_blank\" rel=\"noopener\">Programa 21 dias de medita\u00e7\u00e3o<\/a>, guiado na voz da cofundadora do Zen, <a href=\"http:\/\/www.julianagoes.com.br\/\" target=\"_blank\" rel=\"noopener\">Juliana Goes<\/a>. \u00c9 um programa incr\u00edvel para transformar a medita\u00e7\u00e3o em h\u00e1bito.<\/p>\n<p>A cada dia a medita\u00e7\u00e3o aumenta 1 minuto, para que seja o mais confort\u00e1vel para quem o pratica. Ser guiado na voz serena da Juliana tamb\u00e9m \u00e9 algo que conta bastante, principalmente porque ela estar\u00e1 durante todo o programa lhe motivando a cada nova medita\u00e7\u00e3o. Experimente, vale muito a pena!<\/p>\n<h4><strong>PROGRAMA 21 DIAS DE MEDITA\u00c7\u00c3O [<a href=\"https:\/\/app.adjust.com\/8r0lq48\" target=\"_blank\" rel=\"noopener\">COME\u00c7AR AGORA<\/a>]<\/strong><\/h4>\n<p><a href=\"https:\/\/app.adjust.com\/8r0lq48\" target=\"_blank\" rel=\"noopener\"><img loading=\"lazy\" class=\"alignnone size-full wp-image-5821\" src=\"http:\/\/blog.app-zen.com\/wp-content\/uploads\/2018\/11\/programa-21-dias-de-medita\u00e7\u00e3o-zen-app.png\" alt=\"tela do Programa 21 dias de medita\u00e7\u00e3o do Zen app para quem quer aprender o que \u00e9 meditar\" width=\"750\" height=\"1334\" srcset=\"https:\/\/zenwellness.com.br\/blog\/wp-content\/uploads\/2018\/11\/programa-21-dias-de-medita\u00e7\u00e3o-zen-app.png 750w, https:\/\/zenwellness.com.br\/blog\/wp-content\/uploads\/2018\/11\/programa-21-dias-de-medita\u00e7\u00e3o-zen-app-169x300.png 169w, https:\/\/zenwellness.com.br\/blog\/wp-content\/uploads\/2018\/11\/programa-21-dias-de-medita\u00e7\u00e3o-zen-app-576x1024.png 576w, https:\/\/zenwellness.com.br\/blog\/wp-content\/uploads\/2018\/11\/programa-21-dias-de-medita\u00e7\u00e3o-zen-app-300x534.png 300w, https:\/\/zenwellness.com.br\/blog\/wp-content\/uploads\/2018\/11\/programa-21-dias-de-medita\u00e7\u00e3o-zen-app-400x711.png 400w, https:\/\/zenwellness.com.br\/blog\/wp-content\/uploads\/2018\/11\/programa-21-dias-de-medita\u00e7\u00e3o-zen-app-650x1156.png 650w, https:\/\/zenwellness.com.br\/blog\/wp-content\/uploads\/2018\/11\/programa-21-dias-de-medita\u00e7\u00e3o-zen-app-610x1085.png 610w\" sizes=\"(max-width: 750px) 100vw, 750px\" \/><\/a><\/p>\n<p>Ainda n\u00e3o conhece o Zen app? Aproveite para <a href=\"https:\/\/app.adjust.com\/8r0lq48\" target=\"_blank\" rel=\"noopener\">baixar agora<\/a> mesmo! S\u00e3o centenas de medita\u00e7\u00f5es guiadas, reflex\u00f5es, programas e ferramentas exclusivas que v\u00e3o ajudar no seu desenvolvimento pessoal e emocional. Dispon\u00edvel para <a href=\"https:\/\/app.adjust.com\/8r0lq48\" target=\"_blank\" rel=\"noopener\">iOS<\/a> e <a href=\"https:\/\/app.adjust.com\/8r0lq48\" target=\"_blank\" rel=\"noopener\">Android<\/a>.<\/p>\n","protected":false},"excerpt":{"rendered":"\u201cMeditar vai melhorar a sua vida. Eu medito todos os dias. Depois que comecei a meditar a minha vida mudou. Hoje sou uma pessoa melhor gra\u00e7as a medita\u00e7\u00e3o.\u201d Essas e outras frases s\u00e3o comuns de pessoas que come\u00e7aram a meditar e se redescobriram, mas ainda fica a d\u00favida para aqueles que ainda n\u00e3o come\u00e7aram a","protected":false},"author":3,"featured_media":5825,"comment_status":"open","ping_status":"open","sticky":false,"template":"","format":"standard","meta":[],"categories":[20],"tags":[221,165,209,159],"yoast_head":"<!-- This site is optimized with the Yoast SEO plugin v19.13 - https:\/\/yoast.com\/wordpress\/plugins\/seo\/ -->\n<title>O Que \u00c9 Meditar E Como Come\u00e7ar A Praticar<\/title>\n<meta name=\"description\" content=\"Nesse post voc\u00ea vai enfim descobrir o que \u00e9 meditar e tamb\u00e9m aprender\u00e1 como come\u00e7ar a praticar. Continue lendo para descobrir!\" \/>\n<meta name=\"robots\" content=\"index, follow, max-snippet:-1, max-image-preview:large, max-video-preview:-1\" \/>\n<link rel=\"canonical\" href=\"https:\/\/zenwellness.com.br\/blog\/o-que-e-meditar\/\" \/>\n<meta property=\"og:locale\" content=\"pt_BR\" \/>\n<meta property=\"og:type\" content=\"article\" \/>\n<meta property=\"og:title\" content=\"O Que \u00c9 Meditar E Como Come\u00e7ar A Praticar\" \/>\n<meta property=\"og:description\" content=\"Nesse post voc\u00ea vai enfim descobrir o que \u00e9 meditar e tamb\u00e9m aprender\u00e1 como come\u00e7ar a praticar. Continue lendo para descobrir!\" \/>\n<meta property=\"og:url\" content=\"https:\/\/zenwellness.com.br\/blog\/o-que-e-meditar\/\" \/>\n<meta property=\"og:site_name\" content=\"Blog Zen\" \/>\n<meta property=\"article:published_time\" content=\"2018-11-27T14:38:08+00:00\" \/>\n<meta property=\"article:modified_time\" content=\"2019-02-11T11:49:01+00:00\" \/>\n<meta property=\"og:image\" content=\"https:\/\/zenwellness.com.br\/blog\/wp-content\/uploads\/2018\/11\/o-que-\u00e9-meditar.jpg\" \/>\n\t<meta property=\"og:image:width\" content=\"1200\" \/>\n\t<meta property=\"og:image:height\" content=\"801\" \/>\n\t<meta property=\"og:image:type\" content=\"image\/jpeg\" \/>\n<meta name=\"author\" content=\"Zen App\" \/>\n<meta name=\"twitter:card\" content=\"summary_large_image\" \/>\n<meta name=\"twitter:label1\" content=\"Escrito por\" \/>\n\t<meta name=\"twitter:data1\" content=\"Zen App\" \/>\n\t<meta name=\"twitter:label2\" content=\"Est. tempo de leitura\" \/>\n\t<meta name=\"twitter:data2\" content=\"4 minutos\" \/>\n<script type=\"application\/ld+json\" class=\"yoast-schema-graph\">{\"@context\":\"https:\/\/schema.org\",\"@graph\":[{\"@type\":\"WebPage\",\"@id\":\"https:\/\/zenwellness.com.br\/blog\/o-que-e-meditar\/\",\"url\":\"https:\/\/zenwellness.com.br\/blog\/o-que-e-meditar\/\",\"name\":\"O Que \u00c9 Meditar E Como Come\u00e7ar A Praticar\",\"isPartOf\":{\"@id\":\"https:\/\/zenwellness.com.br\/blog\/#website\"},\"datePublished\":\"2018-11-27T14:38:08+00:00\",\"dateModified\":\"2019-02-11T11:49:01+00:00\",\"author\":{\"@id\":\"https:\/\/zenwellness.com.br\/blog\/#\/schema\/person\/dc3b6c111f1f8688c7b4c9aaedcf1334\"},\"description\":\"Nesse post voc\u00ea vai enfim descobrir o que \u00e9 meditar e tamb\u00e9m aprender\u00e1 como come\u00e7ar a praticar. Continue lendo para descobrir!\",\"breadcrumb\":{\"@id\":\"https:\/\/zenwellness.com.br\/blog\/o-que-e-meditar\/#breadcrumb\"},\"inLanguage\":\"pt-BR\",\"potentialAction\":[{\"@type\":\"ReadAction\",\"target\":[\"https:\/\/zenwellness.com.br\/blog\/o-que-e-meditar\/\"]}]},{\"@type\":\"BreadcrumbList\",\"@id\":\"https:\/\/zenwellness.com.br\/blog\/o-que-e-meditar\/#breadcrumb\",\"itemListElement\":[{\"@type\":\"ListItem\",\"position\":1,\"name\":\"In\u00edcio\",\"item\":\"https:\/\/zenwellness.com.br\/blog\/\"},{\"@type\":\"ListItem\",\"position\":2,\"name\":\"Medita\u00e7\u00e3o\",\"item\":\"https:\/\/zenwellness.com.br\/blog\/meditacao\/\"},{\"@type\":\"ListItem\",\"position\":3,\"name\":\"O que \u00e9 meditar e como come\u00e7ar a praticar\"}]},{\"@type\":\"WebSite\",\"@id\":\"https:\/\/zenwellness.com.br\/blog\/#website\",\"url\":\"https:\/\/zenwellness.com.br\/blog\/\",\"name\":\"Blog Zen\",\"description\":\"\",\"potentialAction\":[{\"@type\":\"SearchAction\",\"target\":{\"@type\":\"EntryPoint\",\"urlTemplate\":\"https:\/\/zenwellness.com.br\/blog\/?s={search_term_string}\"},\"query-input\":\"required name=search_term_string\"}],\"inLanguage\":\"pt-BR\"},{\"@type\":\"Person\",\"@id\":\"https:\/\/zenwellness.com.br\/blog\/#\/schema\/person\/dc3b6c111f1f8688c7b4c9aaedcf1334\",\"name\":\"Zen App\",\"image\":{\"@type\":\"ImageObject\",\"inLanguage\":\"pt-BR\",\"@id\":\"https:\/\/zenwellness.com.br\/blog\/#\/schema\/person\/image\/\",\"url\":\"https:\/\/secure.gravatar.com\/avatar\/e1a1039aa8b9eabcae4ac096ddf633a4?s=96&d=mm&r=g\",\"contentUrl\":\"https:\/\/secure.gravatar.com\/avatar\/e1a1039aa8b9eabcae4ac096ddf633a4?s=96&d=mm&r=g\",\"caption\":\"Zen App\"},\"url\":\"https:\/\/zenwellness.com.br\/blog\/author\/zenapp\/\"}]}<\/script>\n<!-- \/ Yoast SEO plugin. -->","yoast_head_json":{"title":"O Que \u00c9 Meditar E Como Come\u00e7ar A Praticar","description":"Nesse post voc\u00ea vai enfim descobrir o que \u00e9 meditar e tamb\u00e9m aprender\u00e1 como come\u00e7ar a praticar. Continue lendo para descobrir!","robots":{"index":"index","follow":"follow","max-snippet":"max-snippet:-1","max-image-preview":"max-image-preview:large","max-video-preview":"max-video-preview:-1"},"canonical":"https:\/\/zenwellness.com.br\/blog\/o-que-e-meditar\/","og_locale":"pt_BR","og_type":"article","og_title":"O Que \u00c9 Meditar E Como Come\u00e7ar A Praticar","og_description":"Nesse post voc\u00ea vai enfim descobrir o que \u00e9 meditar e tamb\u00e9m aprender\u00e1 como come\u00e7ar a praticar. Continue lendo para descobrir!","og_url":"https:\/\/zenwellness.com.br\/blog\/o-que-e-meditar\/","og_site_name":"Blog Zen","article_published_time":"2018-11-27T14:38:08+00:00","article_modified_time":"2019-02-11T11:49:01+00:00","og_image":[{"width":1200,"height":801,"url":"https:\/\/zenwellness.com.br\/blog\/wp-content\/uploads\/2018\/11\/o-que-\u00e9-meditar.jpg","type":"image\/jpeg"}],"author":"Zen App","twitter_card":"summary_large_image","twitter_misc":{"Escrito por":"Zen App","Est. tempo de leitura":"4 minutos"},"schema":{"@context":"https:\/\/schema.org","@graph":[{"@type":"WebPage","@id":"https:\/\/zenwellness.com.br\/blog\/o-que-e-meditar\/","url":"https:\/\/zenwellness.com.br\/blog\/o-que-e-meditar\/","name":"O Que \u00c9 Meditar E Como Come\u00e7ar A Praticar","isPartOf":{"@id":"https:\/\/zenwellness.com.br\/blog\/#website"},"datePublished":"2018-11-27T14:38:08+00:00","dateModified":"2019-02-11T11:49:01+00:00","author":{"@id":"https:\/\/zenwellness.com.br\/blog\/#\/schema\/person\/dc3b6c111f1f8688c7b4c9aaedcf1334"},"description":"Nesse post voc\u00ea vai enfim descobrir o que \u00e9 meditar e tamb\u00e9m aprender\u00e1 como come\u00e7ar a praticar. Continue lendo para descobrir!","breadcrumb":{"@id":"https:\/\/zenwellness.com.br\/blog\/o-que-e-meditar\/#breadcrumb"},"inLanguage":"pt-BR","potentialAction":[{"@type":"ReadAction","target":["https:\/\/zenwellness.com.br\/blog\/o-que-e-meditar\/"]}]},{"@type":"BreadcrumbList","@id":"https:\/\/zenwellness.com.br\/blog\/o-que-e-meditar\/#breadcrumb","itemListElement":[{"@type":"ListItem","position":1,"name":"In\u00edcio","item":"https:\/\/zenwellness.com.br\/blog\/"},{"@type":"ListItem","position":2,"name":"Medita\u00e7\u00e3o","item":"https:\/\/zenwellness.com.br\/blog\/meditacao\/"},{"@type":"ListItem","position":3,"name":"O que \u00e9 meditar e como come\u00e7ar a praticar"}]},{"@type":"WebSite","@id":"https:\/\/zenwellness.com.br\/blog\/#website","url":"https:\/\/zenwellness.com.br\/blog\/","name":"Blog Zen","description":"","potentialAction":[{"@type":"SearchAction","target":{"@type":"EntryPoint","urlTemplate":"https:\/\/zenwellness.com.br\/blog\/?s={search_term_string}"},"query-input":"required name=search_term_string"}],"inLanguage":"pt-BR"},{"@type":"Person","@id":"https:\/\/zenwellness.com.br\/blog\/#\/schema\/person\/dc3b6c111f1f8688c7b4c9aaedcf1334","name":"Zen App","image":{"@type":"ImageObject","inLanguage":"pt-BR","@id":"https:\/\/zenwellness.com.br\/blog\/#\/schema\/person\/image\/","url":"https:\/\/secure.gravatar.com\/avatar\/e1a1039aa8b9eabcae4ac096ddf633a4?s=96&d=mm&r=g","contentUrl":"https:\/\/secure.gravatar.com\/avatar\/e1a1039aa8b9eabcae4ac096ddf633a4?s=96&d=mm&r=g","caption":"Zen App"},"url":"https:\/\/zenwellness.com.br\/blog\/author\/zenapp\/"}]}},"_links":{"self":[{"href":"https:\/\/zenwellness.com.br\/blog\/wp-json\/wp\/v2\/posts\/5820"}],"collection":[{"href":"https:\/\/zenwellness.com.br\/blog\/wp-json\/wp\/v2\/posts"}],"about":[{"href":"https:\/\/zenwellness.com.br\/blog\/wp-json\/wp\/v2\/types\/post"}],"author":[{"embeddable":true,"href":"https:\/\/zenwellness.com.br\/blog\/wp-json\/wp\/v2\/users\/3"}],"replies":[{"embeddable":true,"href":"https:\/\/zenwellness.com.br\/blog\/wp-json\/wp\/v2\/comments?post=5820"}],"version-history":[{"count":1,"href":"https:\/\/zenwellness.com.br\/blog\/wp-json\/wp\/v2\/posts\/5820\/revisions"}],"predecessor-version":[{"id":6497,"href":"https:\/\/zenwellness.com.br\/blog\/wp-json\/wp\/v2\/posts\/5820\/revisions\/6497"}],"wp:featuredmedia":[{"embeddable":true,"href":"https:\/\/zenwellness.com.br\/blog\/wp-json\/wp\/v2\/media\/5825"}],"wp:attachment":[{"href":"https:\/\/zenwellness.com.br\/blog\/wp-json\/wp\/v2\/media?parent=5820"}],"wp:term":[{"taxonomy":"category","embeddable":true,"href":"https:\/\/zenwellness.com.br\/blog\/wp-json\/wp\/v2\/categories?post=5820"},{"taxonomy":"post_tag","embeddable":true,"href":"https:\/\/zenwellness.com.br\/blog\/wp-json\/wp\/v2\/tags?post=5820"}],"curies":[{"name":"wp","href":"https:\/\/api.w.org\/{rel}","templated":true}]}}