{"id":5678,"date":"2018-11-06T09:03:37","date_gmt":"2018-11-06T12:03:37","guid":{"rendered":"http:\/\/blog.app-zen.com\/?p=5678"},"modified":"2019-02-11T11:21:07","modified_gmt":"2019-02-11T14:21:07","slug":"autorrealizacao","status":"publish","type":"post","link":"https:\/\/zenwellness.com.br\/blog\/autorrealizacao\/","title":{"rendered":"Autorrealiza\u00e7\u00e3o: o que \u00e9 e como despertar!"},"content":{"rendered":"<p>Em determinado momento de nossas vidas nos questionamos sobre as nossas escolhas, se estamos no caminho certo e se em algum momento iremos conseguir de fato sentir a autorrealiza\u00e7\u00e3o.<\/p>\n<p>Vivemos diariamente procurando ser pessoas melhores, ao menos em algum aspecto de nossa vida. Temos um desejo interno que nos move, que nos diz que precisamos ir em busca de algo, mesmo que a gente n\u00e3o saiba exatamente o que isso realmente representa.<\/p>\n<p>Para saber mais sobre a autorrealiza\u00e7\u00e3o ou descobrir o que \u00e9 esse sentimento ou sensa\u00e7\u00e3o de que falta algo e de que precisamos nos mover, continue lendo!<\/p>\n<h2>O que \u00e9 autorrealiza\u00e7\u00e3o\u00a0<\/h2>\n<p>\u00c9 quando conseguimos sentir a plena felicidade em todos os aspectos de nossa vida, tanto pessoal quanto profissional.<\/p>\n<p> O termo foi empregado por Maslow, e pode ser definido como a nossa vontade interior de sempre estar buscando evoluir e se desenvolver. Ela est\u00e1 diretamente ligada ao <a href=\"https:\/\/zenwellness.com.br\/blog\/meditacao-e-introspeccao-3-passos-para-o-autoconhecimento\/\" target=\"_blank\" rel=\"noopener\">autoconhecimento<\/a> e a nossa autoconfian\u00e7a. <\/p>\n<p> Quando compreendemos quem somos e estamos alinhados com o nosso prop\u00f3sito ou com aquilo que desperta o nosso melhor em todos os sentidos, podemos dizer que estamos em um n\u00edvel de autorrealiza\u00e7\u00e3o.<\/p>\n<h3>A hierarquia das necessidades b\u00e1sicas\u00a0\u00a0<\/h3>\n<p><a href=\"https:\/\/amenteemaravilhosa.com.br\/abraham-maslow\/\" target=\"_blank\" rel=\"noopener\">Abraham Maslow<\/a> foi um psic\u00f3logo americano que estudou sobre a teoria das necessidades humanas. Para ele, a felicidade n\u00e3o tem rela\u00e7\u00e3o com algo material, e sim com algo mais sutil e que para alcan\u00e7ar o seu m\u00e1ximo potencial \u00e9 necess\u00e1rio passar por alguns n\u00edveis.<\/p>\n<p>Esses n\u00edveis s\u00e3o popularmente conhecidos como a \u201cHierarquia das necessidades b\u00e1sicas\u201d ou \u201cPir\u00e2mide de Maslow\u201d.<\/p>\n<p> Ao todo s\u00e3o cinco n\u00edveis, sendo o n\u00edvel mais alto a autorrealiza\u00e7\u00e3o que \u00e9 o \u00fanico n\u00edvel de motiva\u00e7\u00e3o existencial. Os outros quatro n\u00edveis s\u00e3o de motiva\u00e7\u00e3o por defici\u00eancia, que s\u00e3o:<\/p>\n<ul>\n<li><strong>Necessidades fisiol\u00f3gicas:<\/strong> que se referem a sobreviv\u00eancia e envolve a necessidade de alimento, \u00e1gua, sono, abrigo e etc.<\/li>\n<li><strong>Necessidades de seguran\u00e7a:<\/strong> que dizem respeito a nossa prote\u00e7\u00e3o, a prote\u00e7\u00e3o da nossa propriedade e comunidade, contra amea\u00e7as ou priva\u00e7\u00e3o.<\/li>\n<li><strong>Necessidades sociais:<\/strong> que s\u00e3o constitu\u00eddas pelo nosso relacionamento com outras pessoas, as amizades, o afeto, amor e etc.<\/li>\n<li><strong>Necessidades de estima:<\/strong> que inclui a autoconfian\u00e7a, necessidade de aprova\u00e7\u00e3o e respeito, o prest\u00edgio, o status, o desejo de for\u00e7a e adequa\u00e7\u00e3o, independ\u00eancia e etc<\/li>\n<\/ul>\n<p>Quando as pessoas chegam ao quinto n\u00edvel elas come\u00e7am a desenvolver todo o seu potencial, de forma que elas sentem que est\u00e3o vivendo em sua totalidade. <\/p>\n<p> Se n\u00e3o conseguimos desenvolver os quatro n\u00edveis de motiva\u00e7\u00e3o por defici\u00eancia, isso pode ocasionar em depress\u00e3o. A pessoa tamb\u00e9m pode se sentir sem esperan\u00e7a, com certo grau de cinismo e at\u00e9 aliena\u00e7\u00e3o.<\/p>\n<h3>Caracter\u00edsticas de uma pessoa que despertou a autorrealiza\u00e7\u00e3o<\/h3>\n<p>Quando olhamos para a hierarquia de necessidades de Maslow, come\u00e7amos a tentar descobrir em qual n\u00edvel estamos, e logo em seguida nos questionamos sobre como vamos descobrir se j\u00e1 estamos praticando a autorrealiza\u00e7\u00e3o em nossa vida ou n\u00e3o.<\/p>\n<p>Existem algumas caracter\u00edsticas que s\u00e3o comuns em pessoas que atingem o quinto n\u00edvel, s\u00e3o elas:<\/p>\n<ul>\n<li>Melhor compreens\u00e3o sobre a vida;<\/li>\n<li>S\u00e3o pessoas resilientes;<\/li>\n<li>Possuem a infinita capacidade de amor e aceita\u00e7\u00e3o, n\u00e3o apenas com si mesmo, mas tamb\u00e9m com o outro;<\/li>\n<li>Respeitam e valorizam os momentos em sua pr\u00f3pria companhia, assim como aproveitam a companhia de outras pessoas;<\/li>\n<li>Est\u00e3o alinhados com os seus valores e objetivos pessoais;<\/li>\n<li>Possuem senso de humor;<\/li>\n<li>Transmitem suas emo\u00e7\u00f5es de forma libertadora e equilibrada. Tamb\u00e9m compreendem de forma mais natural e acolhedora os sentimentos de outras pessoas.<\/li>\n<\/ul>\n<h3>Como despertar a autorrealiza\u00e7\u00e3o<\/h3>\n<p>A autorrealiza\u00e7\u00e3o, apesar de ser o n\u00edvel mais alto, assim como os outros precisa ser trabalhado diariamente. Algumas pessoas chegam a esse n\u00edvel, mas n\u00e3o conseguem fazer com que dure porque acham que n\u00e3o precisam mais ansiar por nada.<\/p>\n<p>Em algum momento voc\u00ea pode ter se sentido autorealizado, nem que por alguns instantes. Se parar para analisar, conseguir\u00e1 perceber que talvez voc\u00ea n\u00e3o se sinta mais realizado porque parou de buscar ser melhor.<\/p>\n<p>E para despertar a autorrealiza\u00e7\u00e3o \u00e9 preciso, al\u00e9m de atender as necessidades b\u00e1sicas, tamb\u00e9m:<\/p>\n<ul>\n<li>Compreender os seus sentimentos;<\/li>\n<li><a href=\"https:\/\/zenwellness.com.br\/blog\/dicas-praticas-para-voce-elevar-a-autoestima\/\" target=\"_blank\" rel=\"noopener\">Elevar a autoestima<\/a> e o amor-pr\u00f3prio;<\/li>\n<li><a href=\"https:\/\/zenwellness.com.br\/blog\/resiliencia-dicas-para-voce-se-tornar-mais-resiliente\/\" target=\"_blank\" rel=\"noopener\">Desenvolver a resili\u00eancia<\/a>;<\/li>\n<li>Aprender a aproveitar os momentos quando eles acontecem, estando presente no aqui e agora;<\/li>\n<li>Praticar o autoconhecimento.<\/li>\n<\/ul>\n<p>E a melhor ferramenta para desenvolver esses aspectos, \u00e9 atrav\u00e9s da medita\u00e7\u00e3o.<\/p>\n<h4>A medita\u00e7\u00e3o como ferramenta para a autorrealiza\u00e7\u00e3o.<\/h4>\n<p>Os <a href=\"https:\/\/zenwellness.com.br\/blog\/beneficios-da-meditacao\/\" target=\"_blank\" rel=\"noopener\">benef\u00edcios da medita\u00e7\u00e3o<\/a> s\u00e3o in\u00fameros, principalmente quando falamos sobre a autorrealiza\u00e7\u00e3o. \u00c9 atrav\u00e9s da medita\u00e7\u00e3o que vamos conseguir ter um olhar diferenciado para n\u00f3s mesmos, e vamos compreender <a href=\"http:\/\/www.julianagoes.com.br\/a-liberdade-de-ser-quem-voce-e\/\" target=\"_blank\" rel=\"noopener\">qual o nosso prop\u00f3sito<\/a> e em qual sentido a nossa caminhada deve fluir.<\/p>\n<p>Al\u00e9m de trazer mais foco, plenitude, tranquilidade, reduzir a ansiedade e o estresse do dia a dia, a pr\u00e1tica da medita\u00e7\u00e3o tamb\u00e9m vai servir como base para que todas as nossas outras necessidades tamb\u00e9m estejam alinhadas.<\/p>\n<p>Para que a medita\u00e7\u00e3o se torne um h\u00e1bito e voc\u00ea possa usufruir de todos esses benef\u00edcios que estar\u00e3o ao seu lado durante esse processo, recomendo que pratique a medita\u00e7\u00e3o guiada <a href=\"https:\/\/app.adjust.com\/bmehx14\" target=\"_blank\" rel=\"noopener\">Alcance a Serenidade<\/a>.<\/p>\n<p>Todos n\u00f3s temos uma fonte inesgot\u00e1vel e \u00fanica de serenidade, que nos ajuda na liberta\u00e7\u00e3o de m\u00e1goas e tens\u00f5es, traz mais calmaria e preenche o nosso ser com o amor inesgot\u00e1vel.<\/p>\n<p>Experimente praticar como uma medita\u00e7\u00e3o matinal, dessa forma voc\u00ea come\u00e7ar\u00e1 seu dia sentindo mais confian\u00e7a e felicidade.<\/p>\n<p><strong>ALCANCE A SERENIDADE [<a href=\"https:\/\/app.adjust.com\/bmehx14\" target=\"_blank\" rel=\"noopener\">OUVIR AGORA<\/a>]<\/strong><\/p>\n<p><a href=\"https:\/\/app.adjust.com\/bmehx14\" target=\"_blank\" rel=\"noopener\"><img loading=\"lazy\" class=\"alignnone size-full wp-image-5679\" src=\"http:\/\/blog.app-zen.com\/wp-content\/uploads\/2018\/11\/meditacao-guiada-alcance-a-serenidade.png\" alt=\"tela da medita\u00e7\u00e3o guiada Alcance a Serenidade, dispon\u00edvel no Zen app para a autorrealiza\u00e7\u00e3o\" width=\"750\" height=\"1334\" srcset=\"https:\/\/zenwellness.com.br\/blog\/wp-content\/uploads\/2018\/11\/meditacao-guiada-alcance-a-serenidade.png 750w, https:\/\/zenwellness.com.br\/blog\/wp-content\/uploads\/2018\/11\/meditacao-guiada-alcance-a-serenidade-169x300.png 169w, https:\/\/zenwellness.com.br\/blog\/wp-content\/uploads\/2018\/11\/meditacao-guiada-alcance-a-serenidade-576x1024.png 576w, https:\/\/zenwellness.com.br\/blog\/wp-content\/uploads\/2018\/11\/meditacao-guiada-alcance-a-serenidade-300x534.png 300w, https:\/\/zenwellness.com.br\/blog\/wp-content\/uploads\/2018\/11\/meditacao-guiada-alcance-a-serenidade-400x711.png 400w, https:\/\/zenwellness.com.br\/blog\/wp-content\/uploads\/2018\/11\/meditacao-guiada-alcance-a-serenidade-650x1156.png 650w, https:\/\/zenwellness.com.br\/blog\/wp-content\/uploads\/2018\/11\/meditacao-guiada-alcance-a-serenidade-610x1085.png 610w\" sizes=\"(max-width: 750px) 100vw, 750px\" \/><\/a><\/p>\n<p>Lembre-se: voc\u00ea nunca ir\u00e1 parar de crescer, sempre existir\u00e1 a oportunidade de ser algu\u00e9m melhor, de se transformar e ir atr\u00e1s de novos sonhos e objetivos pessoais.<\/p>\n<p>Permita que a autorrealiza\u00e7\u00e3o fa\u00e7a parte de todos os seus dias. Todos n\u00f3s temos um potencial gigantesco e estaremos sempre em busca de nos desenvolvermos cada vez mais.<\/p>\n<p>Aproveite para <a href=\"https:\/\/app.adjust.com\/bmehx14\" target=\"_blank\" rel=\"noopener\">baixar o Zen<\/a> e descobrir novas medita\u00e7\u00f5es que v\u00e3o ajudar voc\u00ea nesse processo de constante transforma\u00e7\u00e3o! Dispon\u00edvel para <a href=\"https:\/\/app.adjust.com\/bmehx14\" target=\"_blank\" rel=\"noopener\">Android e iOS<\/a>.<\/p>\n","protected":false},"excerpt":{"rendered":"Em determinado momento de nossas vidas nos questionamos sobre as nossas escolhas, se estamos no caminho certo e se em algum momento iremos conseguir de fato sentir a autorrealiza\u00e7\u00e3o. Vivemos diariamente procurando ser pessoas melhores, ao menos em algum aspecto de nossa vida. Temos um desejo interno que nos move, que nos diz que precisamos","protected":false},"author":3,"featured_media":5681,"comment_status":"open","ping_status":"open","sticky":false,"template":"","format":"standard","meta":[],"categories":[130,22],"tags":[297,477,243,159],"yoast_head":"<!-- This site is optimized with the Yoast SEO plugin v19.13 - https:\/\/yoast.com\/wordpress\/plugins\/seo\/ -->\n<title>Autorrealiza\u00e7\u00e3o: O Que \u00c9 E Como Despertar!<\/title>\n<meta name=\"description\" content=\"Em determinado momento de nossas vidas nos questionamos sobre as nossas escolhas, se estamos no caminho certo e se de fato sentiremos a autorrealiza\u00e7\u00e3o. Leia mais!\" \/>\n<meta name=\"robots\" content=\"index, follow, max-snippet:-1, max-image-preview:large, max-video-preview:-1\" \/>\n<link rel=\"canonical\" href=\"https:\/\/zenwellness.com.br\/blog\/autorrealizacao\/\" \/>\n<meta property=\"og:locale\" content=\"pt_BR\" \/>\n<meta property=\"og:type\" content=\"article\" \/>\n<meta property=\"og:title\" content=\"Autorrealiza\u00e7\u00e3o: O Que \u00c9 E Como Despertar!\" \/>\n<meta property=\"og:description\" content=\"Em determinado momento de nossas vidas nos questionamos sobre as nossas escolhas, se estamos no caminho certo e se de fato sentiremos a autorrealiza\u00e7\u00e3o. Leia mais!\" \/>\n<meta property=\"og:url\" content=\"https:\/\/zenwellness.com.br\/blog\/autorrealizacao\/\" \/>\n<meta property=\"og:site_name\" content=\"Blog Zen\" \/>\n<meta property=\"article:published_time\" content=\"2018-11-06T12:03:37+00:00\" \/>\n<meta property=\"article:modified_time\" content=\"2019-02-11T14:21:07+00:00\" \/>\n<meta property=\"og:image\" content=\"https:\/\/zenwellness.com.br\/blog\/wp-content\/uploads\/2018\/11\/autorrealizacao.png\" \/>\n\t<meta property=\"og:image:width\" content=\"1200\" \/>\n\t<meta property=\"og:image:height\" content=\"776\" \/>\n\t<meta property=\"og:image:type\" content=\"image\/png\" \/>\n<meta name=\"author\" content=\"Zen App\" \/>\n<meta name=\"twitter:card\" content=\"summary_large_image\" \/>\n<meta name=\"twitter:label1\" content=\"Escrito por\" \/>\n\t<meta name=\"twitter:data1\" content=\"Zen App\" \/>\n\t<meta name=\"twitter:label2\" content=\"Est. tempo de leitura\" \/>\n\t<meta name=\"twitter:data2\" content=\"5 minutos\" \/>\n<script type=\"application\/ld+json\" class=\"yoast-schema-graph\">{\"@context\":\"https:\/\/schema.org\",\"@graph\":[{\"@type\":\"WebPage\",\"@id\":\"https:\/\/zenwellness.com.br\/blog\/autorrealizacao\/\",\"url\":\"https:\/\/zenwellness.com.br\/blog\/autorrealizacao\/\",\"name\":\"Autorrealiza\u00e7\u00e3o: O Que \u00c9 E Como Despertar!\",\"isPartOf\":{\"@id\":\"https:\/\/zenwellness.com.br\/blog\/#website\"},\"datePublished\":\"2018-11-06T12:03:37+00:00\",\"dateModified\":\"2019-02-11T14:21:07+00:00\",\"author\":{\"@id\":\"https:\/\/zenwellness.com.br\/blog\/#\/schema\/person\/dc3b6c111f1f8688c7b4c9aaedcf1334\"},\"description\":\"Em determinado momento de nossas vidas nos questionamos sobre as nossas escolhas, se estamos no caminho certo e se de fato sentiremos a autorrealiza\u00e7\u00e3o. Leia mais!\",\"breadcrumb\":{\"@id\":\"https:\/\/zenwellness.com.br\/blog\/autorrealizacao\/#breadcrumb\"},\"inLanguage\":\"pt-BR\",\"potentialAction\":[{\"@type\":\"ReadAction\",\"target\":[\"https:\/\/zenwellness.com.br\/blog\/autorrealizacao\/\"]}]},{\"@type\":\"BreadcrumbList\",\"@id\":\"https:\/\/zenwellness.com.br\/blog\/autorrealizacao\/#breadcrumb\",\"itemListElement\":[{\"@type\":\"ListItem\",\"position\":1,\"name\":\"In\u00edcio\",\"item\":\"https:\/\/zenwellness.com.br\/blog\/\"},{\"@type\":\"ListItem\",\"position\":2,\"name\":\"Equil\u00edbrio Emocional\",\"item\":\"https:\/\/zenwellness.com.br\/blog\/equilibrio-emocional\/\"},{\"@type\":\"ListItem\",\"position\":3,\"name\":\"Autorrealiza\u00e7\u00e3o: o que \u00e9 e como despertar!\"}]},{\"@type\":\"WebSite\",\"@id\":\"https:\/\/zenwellness.com.br\/blog\/#website\",\"url\":\"https:\/\/zenwellness.com.br\/blog\/\",\"name\":\"Blog Zen\",\"description\":\"\",\"potentialAction\":[{\"@type\":\"SearchAction\",\"target\":{\"@type\":\"EntryPoint\",\"urlTemplate\":\"https:\/\/zenwellness.com.br\/blog\/?s={search_term_string}\"},\"query-input\":\"required name=search_term_string\"}],\"inLanguage\":\"pt-BR\"},{\"@type\":\"Person\",\"@id\":\"https:\/\/zenwellness.com.br\/blog\/#\/schema\/person\/dc3b6c111f1f8688c7b4c9aaedcf1334\",\"name\":\"Zen App\",\"image\":{\"@type\":\"ImageObject\",\"inLanguage\":\"pt-BR\",\"@id\":\"https:\/\/zenwellness.com.br\/blog\/#\/schema\/person\/image\/\",\"url\":\"https:\/\/secure.gravatar.com\/avatar\/e1a1039aa8b9eabcae4ac096ddf633a4?s=96&d=mm&r=g\",\"contentUrl\":\"https:\/\/secure.gravatar.com\/avatar\/e1a1039aa8b9eabcae4ac096ddf633a4?s=96&d=mm&r=g\",\"caption\":\"Zen App\"},\"url\":\"https:\/\/zenwellness.com.br\/blog\/author\/zenapp\/\"}]}<\/script>\n<!-- \/ Yoast SEO plugin. -->","yoast_head_json":{"title":"Autorrealiza\u00e7\u00e3o: O Que \u00c9 E Como Despertar!","description":"Em determinado momento de nossas vidas nos questionamos sobre as nossas escolhas, se estamos no caminho certo e se de fato sentiremos a autorrealiza\u00e7\u00e3o. Leia mais!","robots":{"index":"index","follow":"follow","max-snippet":"max-snippet:-1","max-image-preview":"max-image-preview:large","max-video-preview":"max-video-preview:-1"},"canonical":"https:\/\/zenwellness.com.br\/blog\/autorrealizacao\/","og_locale":"pt_BR","og_type":"article","og_title":"Autorrealiza\u00e7\u00e3o: O Que \u00c9 E Como Despertar!","og_description":"Em determinado momento de nossas vidas nos questionamos sobre as nossas escolhas, se estamos no caminho certo e se de fato sentiremos a autorrealiza\u00e7\u00e3o. Leia mais!","og_url":"https:\/\/zenwellness.com.br\/blog\/autorrealizacao\/","og_site_name":"Blog Zen","article_published_time":"2018-11-06T12:03:37+00:00","article_modified_time":"2019-02-11T14:21:07+00:00","og_image":[{"width":1200,"height":776,"url":"https:\/\/zenwellness.com.br\/blog\/wp-content\/uploads\/2018\/11\/autorrealizacao.png","type":"image\/png"}],"author":"Zen App","twitter_card":"summary_large_image","twitter_misc":{"Escrito por":"Zen App","Est. tempo de leitura":"5 minutos"},"schema":{"@context":"https:\/\/schema.org","@graph":[{"@type":"WebPage","@id":"https:\/\/zenwellness.com.br\/blog\/autorrealizacao\/","url":"https:\/\/zenwellness.com.br\/blog\/autorrealizacao\/","name":"Autorrealiza\u00e7\u00e3o: O Que \u00c9 E Como Despertar!","isPartOf":{"@id":"https:\/\/zenwellness.com.br\/blog\/#website"},"datePublished":"2018-11-06T12:03:37+00:00","dateModified":"2019-02-11T14:21:07+00:00","author":{"@id":"https:\/\/zenwellness.com.br\/blog\/#\/schema\/person\/dc3b6c111f1f8688c7b4c9aaedcf1334"},"description":"Em determinado momento de nossas vidas nos questionamos sobre as nossas escolhas, se estamos no caminho certo e se de fato sentiremos a autorrealiza\u00e7\u00e3o. Leia mais!","breadcrumb":{"@id":"https:\/\/zenwellness.com.br\/blog\/autorrealizacao\/#breadcrumb"},"inLanguage":"pt-BR","potentialAction":[{"@type":"ReadAction","target":["https:\/\/zenwellness.com.br\/blog\/autorrealizacao\/"]}]},{"@type":"BreadcrumbList","@id":"https:\/\/zenwellness.com.br\/blog\/autorrealizacao\/#breadcrumb","itemListElement":[{"@type":"ListItem","position":1,"name":"In\u00edcio","item":"https:\/\/zenwellness.com.br\/blog\/"},{"@type":"ListItem","position":2,"name":"Equil\u00edbrio Emocional","item":"https:\/\/zenwellness.com.br\/blog\/equilibrio-emocional\/"},{"@type":"ListItem","position":3,"name":"Autorrealiza\u00e7\u00e3o: o que \u00e9 e como despertar!"}]},{"@type":"WebSite","@id":"https:\/\/zenwellness.com.br\/blog\/#website","url":"https:\/\/zenwellness.com.br\/blog\/","name":"Blog Zen","description":"","potentialAction":[{"@type":"SearchAction","target":{"@type":"EntryPoint","urlTemplate":"https:\/\/zenwellness.com.br\/blog\/?s={search_term_string}"},"query-input":"required name=search_term_string"}],"inLanguage":"pt-BR"},{"@type":"Person","@id":"https:\/\/zenwellness.com.br\/blog\/#\/schema\/person\/dc3b6c111f1f8688c7b4c9aaedcf1334","name":"Zen App","image":{"@type":"ImageObject","inLanguage":"pt-BR","@id":"https:\/\/zenwellness.com.br\/blog\/#\/schema\/person\/image\/","url":"https:\/\/secure.gravatar.com\/avatar\/e1a1039aa8b9eabcae4ac096ddf633a4?s=96&d=mm&r=g","contentUrl":"https:\/\/secure.gravatar.com\/avatar\/e1a1039aa8b9eabcae4ac096ddf633a4?s=96&d=mm&r=g","caption":"Zen App"},"url":"https:\/\/zenwellness.com.br\/blog\/author\/zenapp\/"}]}},"_links":{"self":[{"href":"https:\/\/zenwellness.com.br\/blog\/wp-json\/wp\/v2\/posts\/5678"}],"collection":[{"href":"https:\/\/zenwellness.com.br\/blog\/wp-json\/wp\/v2\/posts"}],"about":[{"href":"https:\/\/zenwellness.com.br\/blog\/wp-json\/wp\/v2\/types\/post"}],"author":[{"embeddable":true,"href":"https:\/\/zenwellness.com.br\/blog\/wp-json\/wp\/v2\/users\/3"}],"replies":[{"embeddable":true,"href":"https:\/\/zenwellness.com.br\/blog\/wp-json\/wp\/v2\/comments?post=5678"}],"version-history":[{"count":1,"href":"https:\/\/zenwellness.com.br\/blog\/wp-json\/wp\/v2\/posts\/5678\/revisions"}],"predecessor-version":[{"id":6469,"href":"https:\/\/zenwellness.com.br\/blog\/wp-json\/wp\/v2\/posts\/5678\/revisions\/6469"}],"wp:featuredmedia":[{"embeddable":true,"href":"https:\/\/zenwellness.com.br\/blog\/wp-json\/wp\/v2\/media\/5681"}],"wp:attachment":[{"href":"https:\/\/zenwellness.com.br\/blog\/wp-json\/wp\/v2\/media?parent=5678"}],"wp:term":[{"taxonomy":"category","embeddable":true,"href":"https:\/\/zenwellness.com.br\/blog\/wp-json\/wp\/v2\/categories?post=5678"},{"taxonomy":"post_tag","embeddable":true,"href":"https:\/\/zenwellness.com.br\/blog\/wp-json\/wp\/v2\/tags?post=5678"}],"curies":[{"name":"wp","href":"https:\/\/api.w.org\/{rel}","templated":true}]}}