{"id":5420,"date":"2018-09-21T10:39:59","date_gmt":"2018-09-21T13:39:59","guid":{"rendered":"https:\/\/zenwellness.com.br\/blog\/?p=5420"},"modified":"2019-02-11T08:34:07","modified_gmt":"2019-02-11T11:34:07","slug":"meditacao-ideal-para-cada-signo","status":"publish","type":"post","link":"https:\/\/zenwellness.com.br\/blog\/meditacao-ideal-para-cada-signo\/","title":{"rendered":"Descubra qual a medita\u00e7\u00e3o ideal para cada signo"},"content":{"rendered":"<p>Cada signo possui suas pr\u00f3prias caracter\u00edsticas, com frequ\u00eancias altas e baixas e assim como tudo na vida, \u00e9 preciso buscar o equil\u00edbrio entre essas frequ\u00eancias que pode ser alcan\u00e7ado atrav\u00e9s da medita\u00e7\u00e3o ideal para cada signo.<\/p>\n<p>Ficou curioso? Ent\u00e3o continue lendo para descobrir qual a medita\u00e7\u00e3o ideal para equilibrar as energias do seu signo!<\/p>\n<h2>Dica de medita\u00e7\u00e3o ideal para cada signo<\/h2>\n<p>Realizamos uma curadoria de conte\u00fado no Zen para escolher a medita\u00e7\u00e3o ideal para cada signo. Descubra quais s\u00e3o as principais frequ\u00eancias de cada signo e qual a medita\u00e7\u00e3o recomendada para alcan\u00e7ar o equil\u00edbrio.<\/p>\n<h4>\u00c1ries (21\/03 a 19\/04)<\/h4>\n<p>O primeiro signo do zod\u00edaco representa o pioneirismo, a coragem, for\u00e7a, dinamismo e a competitividade, essas s\u00e3o algumas frequ\u00eancias altas do signo de \u00e1ries. A impulsividade, pressa, falta de paci\u00eancia e o ego\u00edsmo s\u00e3o as frequ\u00eancias baixas.<\/p>\n<p>A medita\u00e7\u00e3o guiada <a href=\"https:\/\/app.adjust.com\/5sn0h0b\" target=\"_blank\" rel=\"noopener\">Corpo F\u00edsico<\/a> \u00e9 ideal para os arianos. Por ser um signo bem din\u00e2mico, que vive em constante movimento, praticar uma medita\u00e7\u00e3o que o ajude a se equilibra de maneira ativa como essa \u00e9 essencial.<\/p>\n<p><a href=\"https:\/\/app.adjust.com\/5sn0h0b\" target=\"_blank\" rel=\"noopener\"><img loading=\"lazy\" class=\"alignnone size-full wp-image-5435\" src=\"https:\/\/zenwellness.com.br\/blog\/wp-content\/uploads\/2018\/09\/medita\u00e7\u00e3o-guiada-corpo-f\u00edsico-zen-app.png\" alt=\"\" width=\"750\" height=\"1334\" srcset=\"https:\/\/zenwellness.com.br\/blog\/wp-content\/uploads\/2018\/09\/medita\u00e7\u00e3o-guiada-corpo-f\u00edsico-zen-app.png 750w, https:\/\/zenwellness.com.br\/blog\/wp-content\/uploads\/2018\/09\/medita\u00e7\u00e3o-guiada-corpo-f\u00edsico-zen-app-169x300.png 169w, https:\/\/zenwellness.com.br\/blog\/wp-content\/uploads\/2018\/09\/medita\u00e7\u00e3o-guiada-corpo-f\u00edsico-zen-app-576x1024.png 576w, https:\/\/zenwellness.com.br\/blog\/wp-content\/uploads\/2018\/09\/medita\u00e7\u00e3o-guiada-corpo-f\u00edsico-zen-app-300x534.png 300w, https:\/\/zenwellness.com.br\/blog\/wp-content\/uploads\/2018\/09\/medita\u00e7\u00e3o-guiada-corpo-f\u00edsico-zen-app-400x711.png 400w, https:\/\/zenwellness.com.br\/blog\/wp-content\/uploads\/2018\/09\/medita\u00e7\u00e3o-guiada-corpo-f\u00edsico-zen-app-650x1156.png 650w, https:\/\/zenwellness.com.br\/blog\/wp-content\/uploads\/2018\/09\/medita\u00e7\u00e3o-guiada-corpo-f\u00edsico-zen-app-610x1085.png 610w\" sizes=\"(max-width: 750px) 100vw, 750px\" \/><\/a><\/p>\n<h4>Touro (20\/04 a 20\/05)<\/h4>\n<p>As frequ\u00eancias altas do signo de touro est\u00e3o relacionadas a estabilidade, praticidade e a determina\u00e7\u00e3o. J\u00e1 as frequ\u00eancias mais baixas, quando acentuadas demonstram uma pessoa teimosa, possessiva e materialista.\u00a0<\/p>\n<p>Para um taurino, a melhor forma de trabalhar essas frequ\u00eancias \u00e9 atrav\u00e9s da medita\u00e7\u00e3o guiada <a href=\"https:\/\/app.adjust.com\/5sn0h0b\" target=\"_blank\" rel=\"noopener\">Plenitude<\/a>, dispon\u00edvel no <a href=\"https:\/\/zenwellness.com.br\/blog\/zen-app-como-desfrutar-ao-maximo-o-melhor-app-de-meditacao\/\" target=\"_blank\" rel=\"noopener\">Zen app<\/a>. \u00c9 uma medita\u00e7\u00e3o para encontrar a paz interior atrav\u00e9s de uma vida plena, onde voc\u00ea consegue trabalhar para aliviar as energias de possessividade e teimosia.<\/p>\n<p><a href=\"https:\/\/app.adjust.com\/5sn0h0b\" target=\"_blank\" rel=\"noopener\"><img loading=\"lazy\" class=\"alignnone size-full wp-image-5421\" src=\"https:\/\/zenwellness.com.br\/blog\/wp-content\/uploads\/2018\/09\/medita\u00e7\u00e3o-guiada-plenitude-zen-app.png\" alt=\"tela da medita\u00e7\u00e3o de Plenitude como medita\u00e7\u00e3o ideal para cada signo\" width=\"750\" height=\"1334\" srcset=\"https:\/\/zenwellness.com.br\/blog\/wp-content\/uploads\/2018\/09\/medita\u00e7\u00e3o-guiada-plenitude-zen-app.png 750w, https:\/\/zenwellness.com.br\/blog\/wp-content\/uploads\/2018\/09\/medita\u00e7\u00e3o-guiada-plenitude-zen-app-169x300.png 169w, https:\/\/zenwellness.com.br\/blog\/wp-content\/uploads\/2018\/09\/medita\u00e7\u00e3o-guiada-plenitude-zen-app-576x1024.png 576w, https:\/\/zenwellness.com.br\/blog\/wp-content\/uploads\/2018\/09\/medita\u00e7\u00e3o-guiada-plenitude-zen-app-300x534.png 300w, https:\/\/zenwellness.com.br\/blog\/wp-content\/uploads\/2018\/09\/medita\u00e7\u00e3o-guiada-plenitude-zen-app-400x711.png 400w, https:\/\/zenwellness.com.br\/blog\/wp-content\/uploads\/2018\/09\/medita\u00e7\u00e3o-guiada-plenitude-zen-app-650x1156.png 650w, https:\/\/zenwellness.com.br\/blog\/wp-content\/uploads\/2018\/09\/medita\u00e7\u00e3o-guiada-plenitude-zen-app-610x1085.png 610w\" sizes=\"(max-width: 750px) 100vw, 750px\" \/><\/a><\/p>\n<h4>G\u00eameos (21\/05 a 20\/06)<\/h4>\n<p>As principais frequ\u00eancias de g\u00eameos sem d\u00favidas s\u00e3o comunica\u00e7\u00e3o, curiosidade para aprender, flexibilidade e intelig\u00eancia. Em contrapartida, a dispers\u00e3o, superficialidade e falar em excesso s\u00e3o as frequ\u00eancias mais baixas.<\/p>\n<p>Uma forma de trazer o geminiano para o momento presente \u00e9 praticando a <a href=\"https:\/\/app.adjust.com\/5sn0h0b\" target=\"_blank\" rel=\"noopener\">Aten\u00e7\u00e3o no Agora<\/a>. Essa \u00e9 uma t\u00e9cnica de medita\u00e7\u00e3o que o ajuda a ter mais foco e presen\u00e7a no aqui e agora, e que auxilia para que ele n\u00e3o se disperse t\u00e3o facilmente.<\/p>\n<p><a href=\"https:\/\/app.adjust.com\/5sn0h0b\" target=\"_blank\" rel=\"noopener\"><img loading=\"lazy\" class=\"alignnone size-full wp-image-5451\" src=\"https:\/\/zenwellness.com.br\/blog\/wp-content\/uploads\/2018\/09\/medita\u00e7\u00e3o-guiada-aten\u00e7\u00e3o-no-agora-zen-app-1.png\" alt=\"tela da medita\u00e7\u00e3o guiada aten\u00e7\u00e3o no agora\" width=\"750\" height=\"1334\" srcset=\"https:\/\/zenwellness.com.br\/blog\/wp-content\/uploads\/2018\/09\/medita\u00e7\u00e3o-guiada-aten\u00e7\u00e3o-no-agora-zen-app-1.png 750w, https:\/\/zenwellness.com.br\/blog\/wp-content\/uploads\/2018\/09\/medita\u00e7\u00e3o-guiada-aten\u00e7\u00e3o-no-agora-zen-app-1-169x300.png 169w, https:\/\/zenwellness.com.br\/blog\/wp-content\/uploads\/2018\/09\/medita\u00e7\u00e3o-guiada-aten\u00e7\u00e3o-no-agora-zen-app-1-576x1024.png 576w, https:\/\/zenwellness.com.br\/blog\/wp-content\/uploads\/2018\/09\/medita\u00e7\u00e3o-guiada-aten\u00e7\u00e3o-no-agora-zen-app-1-300x534.png 300w, https:\/\/zenwellness.com.br\/blog\/wp-content\/uploads\/2018\/09\/medita\u00e7\u00e3o-guiada-aten\u00e7\u00e3o-no-agora-zen-app-1-400x711.png 400w, https:\/\/zenwellness.com.br\/blog\/wp-content\/uploads\/2018\/09\/medita\u00e7\u00e3o-guiada-aten\u00e7\u00e3o-no-agora-zen-app-1-650x1156.png 650w, https:\/\/zenwellness.com.br\/blog\/wp-content\/uploads\/2018\/09\/medita\u00e7\u00e3o-guiada-aten\u00e7\u00e3o-no-agora-zen-app-1-610x1085.png 610w\" sizes=\"(max-width: 750px) 100vw, 750px\" \/><\/a><\/p>\n<h4>C\u00e2ncer (21\/06 a 22\/07)<\/h4>\n<p>O signo de c\u00e2ncer \u00e9 bastante conhecido por ser amoroso, receptivo e am\u00e1vel, essas s\u00e3o as frequ\u00eancias altas e mais notadas nesse signo. Por\u00e9m, a instabilidade emocional e a depend\u00eancias s\u00e3o frequ\u00eancias baixas que merecem aten\u00e7\u00e3o.<\/p>\n<p>Se voc\u00ea \u00e9 do signo de c\u00e2ncer, experimente praticar a medita\u00e7\u00e3o guiada O Desapego. Por ser um signo muito amoroso, o apego acaba sendo uma caracter\u00edstica que pode atrapalhar a vida do canceriano e essa medita\u00e7\u00e3o pode ajudar!<\/p>\n<p><a href=\"https:\/\/app.adjust.com\/5sn0h0b\" target=\"_blank\" rel=\"noopener\"><img loading=\"lazy\" class=\"alignnone size-full wp-image-5437\" src=\"https:\/\/zenwellness.com.br\/blog\/wp-content\/uploads\/2018\/09\/medita\u00e7\u00e3o-guiada-o-desapego-zen-app.png\" alt=\"tela da medita\u00e7\u00e3o guiada o desapego do zen app\" width=\"750\" height=\"1334\" srcset=\"https:\/\/zenwellness.com.br\/blog\/wp-content\/uploads\/2018\/09\/medita\u00e7\u00e3o-guiada-o-desapego-zen-app.png 750w, https:\/\/zenwellness.com.br\/blog\/wp-content\/uploads\/2018\/09\/medita\u00e7\u00e3o-guiada-o-desapego-zen-app-169x300.png 169w, https:\/\/zenwellness.com.br\/blog\/wp-content\/uploads\/2018\/09\/medita\u00e7\u00e3o-guiada-o-desapego-zen-app-576x1024.png 576w, https:\/\/zenwellness.com.br\/blog\/wp-content\/uploads\/2018\/09\/medita\u00e7\u00e3o-guiada-o-desapego-zen-app-300x534.png 300w, https:\/\/zenwellness.com.br\/blog\/wp-content\/uploads\/2018\/09\/medita\u00e7\u00e3o-guiada-o-desapego-zen-app-400x711.png 400w, https:\/\/zenwellness.com.br\/blog\/wp-content\/uploads\/2018\/09\/medita\u00e7\u00e3o-guiada-o-desapego-zen-app-650x1156.png 650w, https:\/\/zenwellness.com.br\/blog\/wp-content\/uploads\/2018\/09\/medita\u00e7\u00e3o-guiada-o-desapego-zen-app-610x1085.png 610w\" sizes=\"(max-width: 750px) 100vw, 750px\" \/><\/a><\/p>\n<h4>Le\u00e3o (23\/07 a 22\/08)<\/h4>\n<p>Leoninos s\u00e3o confiantes, com grande criatividade e entusiasmo. Entretanto, suas frequ\u00eancias mais baixas podem despertar a arrog\u00e2ncia, a pregui\u00e7a e o egocentrismo.<\/p>\n<p>Para equilibrar as frequ\u00eancias desse signo \u00e9 bacana estimular a sua criatividade, atrav\u00e9s da medita\u00e7\u00e3o <a href=\"https:\/\/app.adjust.com\/5sn0h0b\" target=\"_blank\" rel=\"noopener\">Desperte a Criatividade.<\/a><\/p>\n<p><a href=\"https:\/\/app.adjust.com\/5sn0h0b\" target=\"_blank\" rel=\"noopener\"><img loading=\"lazy\" class=\"alignnone size-full wp-image-5442\" src=\"https:\/\/zenwellness.com.br\/blog\/wp-content\/uploads\/2018\/09\/medita\u00e7\u00e3o-guiada-desperte-a-criatividade-zen-app.png\" alt=\"tela da medita\u00e7\u00e3o guiada desperte a criatividade do zen app\" width=\"750\" height=\"1334\" srcset=\"https:\/\/zenwellness.com.br\/blog\/wp-content\/uploads\/2018\/09\/medita\u00e7\u00e3o-guiada-desperte-a-criatividade-zen-app.png 750w, https:\/\/zenwellness.com.br\/blog\/wp-content\/uploads\/2018\/09\/medita\u00e7\u00e3o-guiada-desperte-a-criatividade-zen-app-169x300.png 169w, https:\/\/zenwellness.com.br\/blog\/wp-content\/uploads\/2018\/09\/medita\u00e7\u00e3o-guiada-desperte-a-criatividade-zen-app-576x1024.png 576w, https:\/\/zenwellness.com.br\/blog\/wp-content\/uploads\/2018\/09\/medita\u00e7\u00e3o-guiada-desperte-a-criatividade-zen-app-300x534.png 300w, https:\/\/zenwellness.com.br\/blog\/wp-content\/uploads\/2018\/09\/medita\u00e7\u00e3o-guiada-desperte-a-criatividade-zen-app-400x711.png 400w, https:\/\/zenwellness.com.br\/blog\/wp-content\/uploads\/2018\/09\/medita\u00e7\u00e3o-guiada-desperte-a-criatividade-zen-app-650x1156.png 650w, https:\/\/zenwellness.com.br\/blog\/wp-content\/uploads\/2018\/09\/medita\u00e7\u00e3o-guiada-desperte-a-criatividade-zen-app-610x1085.png 610w\" sizes=\"(max-width: 750px) 100vw, 750px\" \/><\/a><\/p>\n<h4>Virgem (23\/08 a 22\/09)<\/h4>\n<p>Virginianos s\u00e3o pr\u00e1ticos, organizados e dedicados aquilo que fazem, al\u00e9m de serem observadores. A vibra\u00e7\u00e3o mais baixa desse signo \u00e9 a cr\u00edtica em excesso, principalmente com si mesmo.<\/p>\n<p>Se voc\u00ea \u00e9 virginiano e sente constantemente essa cobran\u00e7a a medita\u00e7\u00e3o ideal \u00e9 a <a href=\"https:\/\/app.adjust.com\/5sn0h0b\" target=\"_blank\" rel=\"noopener\">Nutrindo a Alma<\/a>. Com ela voc\u00ea poder\u00e1 equilibrar as suas frequ\u00eancias e nutrir o seu ser com boas frequ\u00eancias, que v\u00e3o ajudar voc\u00ea a aliviar as cr\u00edticas.<\/p>\n<p><a href=\"https:\/\/app.adjust.com\/5sn0h0b\" target=\"_blank\" rel=\"noopener\"><img loading=\"lazy\" class=\"alignnone size-full wp-image-5423\" src=\"https:\/\/zenwellness.com.br\/blog\/wp-content\/uploads\/2018\/09\/medita\u00e7\u00e3o-guiada-nutrindo-a-alma-zen-app.png\" alt=\"tela da medita\u00e7\u00e3o guiada Nutrindo a Alma do Zen app\" width=\"750\" height=\"1334\" srcset=\"https:\/\/zenwellness.com.br\/blog\/wp-content\/uploads\/2018\/09\/medita\u00e7\u00e3o-guiada-nutrindo-a-alma-zen-app.png 750w, https:\/\/zenwellness.com.br\/blog\/wp-content\/uploads\/2018\/09\/medita\u00e7\u00e3o-guiada-nutrindo-a-alma-zen-app-169x300.png 169w, https:\/\/zenwellness.com.br\/blog\/wp-content\/uploads\/2018\/09\/medita\u00e7\u00e3o-guiada-nutrindo-a-alma-zen-app-576x1024.png 576w, https:\/\/zenwellness.com.br\/blog\/wp-content\/uploads\/2018\/09\/medita\u00e7\u00e3o-guiada-nutrindo-a-alma-zen-app-300x534.png 300w, https:\/\/zenwellness.com.br\/blog\/wp-content\/uploads\/2018\/09\/medita\u00e7\u00e3o-guiada-nutrindo-a-alma-zen-app-400x711.png 400w, https:\/\/zenwellness.com.br\/blog\/wp-content\/uploads\/2018\/09\/medita\u00e7\u00e3o-guiada-nutrindo-a-alma-zen-app-650x1156.png 650w, https:\/\/zenwellness.com.br\/blog\/wp-content\/uploads\/2018\/09\/medita\u00e7\u00e3o-guiada-nutrindo-a-alma-zen-app-610x1085.png 610w\" sizes=\"(max-width: 750px) 100vw, 750px\" \/><\/a><\/p>\n<h4>Libra (23\/09 a 22\/10)<\/h4>\n<p>Libra \u00e9 representado por uma balan\u00e7a, pelo equil\u00edbrio. As frequ\u00eancias mais altas desse signo \u00e9 a aprecia\u00e7\u00e3o do que \u00e9 belo e o seu senso de justi\u00e7a. Quando em baixa frequ\u00eancia a indecis\u00e3o fica em\u00a0 evid\u00eancia.<\/p>\n<p>Por isso, a medita\u00e7\u00e3o guiada para a <a href=\"https:\/\/app.adjust.com\/5sn0h0b\" target=\"_blank\" rel=\"noopener\">Auto Investiga\u00e7\u00e3o<\/a>\u00a0\u00e9 a mais indicada para equilibrar a frequ\u00eancia. Olhar para dentro \u00e9 o primeiro passo para compreender de fato o que queremos ou do porqu\u00ea de estarmos em indecis\u00e3o.<\/p>\n<p><a href=\"https:\/\/app.adjust.com\/5sn0h0b\" target=\"_blank\" rel=\"noopener\"><img loading=\"lazy\" class=\"alignnone size-full wp-image-5439\" src=\"https:\/\/zenwellness.com.br\/blog\/wp-content\/uploads\/2018\/09\/medita\u00e7\u00e3o-guiada-auto-investiga\u00e7\u00e3o-zen-app-1.png\" alt=\"tela da medita\u00e7\u00e3o guiada auto investiga\u00e7\u00e3o do zen app\" width=\"750\" height=\"1334\" srcset=\"https:\/\/zenwellness.com.br\/blog\/wp-content\/uploads\/2018\/09\/medita\u00e7\u00e3o-guiada-auto-investiga\u00e7\u00e3o-zen-app-1.png 750w, https:\/\/zenwellness.com.br\/blog\/wp-content\/uploads\/2018\/09\/medita\u00e7\u00e3o-guiada-auto-investiga\u00e7\u00e3o-zen-app-1-169x300.png 169w, https:\/\/zenwellness.com.br\/blog\/wp-content\/uploads\/2018\/09\/medita\u00e7\u00e3o-guiada-auto-investiga\u00e7\u00e3o-zen-app-1-576x1024.png 576w, https:\/\/zenwellness.com.br\/blog\/wp-content\/uploads\/2018\/09\/medita\u00e7\u00e3o-guiada-auto-investiga\u00e7\u00e3o-zen-app-1-300x534.png 300w, https:\/\/zenwellness.com.br\/blog\/wp-content\/uploads\/2018\/09\/medita\u00e7\u00e3o-guiada-auto-investiga\u00e7\u00e3o-zen-app-1-400x711.png 400w, https:\/\/zenwellness.com.br\/blog\/wp-content\/uploads\/2018\/09\/medita\u00e7\u00e3o-guiada-auto-investiga\u00e7\u00e3o-zen-app-1-650x1156.png 650w, https:\/\/zenwellness.com.br\/blog\/wp-content\/uploads\/2018\/09\/medita\u00e7\u00e3o-guiada-auto-investiga\u00e7\u00e3o-zen-app-1-610x1085.png 610w\" sizes=\"(max-width: 750px) 100vw, 750px\" \/><\/a><\/p>\n<h4>Escorpi\u00e3o (23\/10 a 21\/11)<\/h4>\n<p>Esse signo \u00e9 popularmente conhecido por ser sensual, mas essa n\u00e3o \u00e9 a \u00fanica frequ\u00eancia alta. A transforma\u00e7\u00e3o, capacidade curativa e a intui\u00e7\u00e3o s\u00e3o fortes nesse signo, j\u00e1 as frequ\u00eancias baixas podem desencadear em possessividade e vingan\u00e7a.<\/p>\n<p>Como ser autodestrutivo \u00e9 tamb\u00e9m uma frequ\u00eancia baixa de escorpi\u00e3o, \u00e9 importante que esse signo esteja conectado com si e desperte o seu poder atrav\u00e9s de uma medita\u00e7\u00e3o de autocura, que voc\u00ea pode encontrar no <a href=\"https:\/\/app.adjust.com\/5sn0h0b\" target=\"_blank\" rel=\"noopener\">Zen app<\/a>. Onde \u00e9 poss\u00edvel relembrar e ativar todo o poder interior do escorpiano.<\/p>\n<p><a href=\"https:\/\/app.adjust.com\/5sn0h0b\" target=\"_blank\" rel=\"noopener\"><img loading=\"lazy\" class=\"alignnone size-full wp-image-5449\" src=\"https:\/\/zenwellness.com.br\/blog\/wp-content\/uploads\/2018\/09\/medita\u00e7\u00e3o-guiada-autocura-zen-app.png\" alt=\"tela da medita\u00e7\u00e3o de autocura do zen app\" width=\"750\" height=\"1334\" srcset=\"https:\/\/zenwellness.com.br\/blog\/wp-content\/uploads\/2018\/09\/medita\u00e7\u00e3o-guiada-autocura-zen-app.png 750w, https:\/\/zenwellness.com.br\/blog\/wp-content\/uploads\/2018\/09\/medita\u00e7\u00e3o-guiada-autocura-zen-app-169x300.png 169w, https:\/\/zenwellness.com.br\/blog\/wp-content\/uploads\/2018\/09\/medita\u00e7\u00e3o-guiada-autocura-zen-app-576x1024.png 576w, https:\/\/zenwellness.com.br\/blog\/wp-content\/uploads\/2018\/09\/medita\u00e7\u00e3o-guiada-autocura-zen-app-300x534.png 300w, https:\/\/zenwellness.com.br\/blog\/wp-content\/uploads\/2018\/09\/medita\u00e7\u00e3o-guiada-autocura-zen-app-400x711.png 400w, https:\/\/zenwellness.com.br\/blog\/wp-content\/uploads\/2018\/09\/medita\u00e7\u00e3o-guiada-autocura-zen-app-650x1156.png 650w, https:\/\/zenwellness.com.br\/blog\/wp-content\/uploads\/2018\/09\/medita\u00e7\u00e3o-guiada-autocura-zen-app-610x1085.png 610w\" sizes=\"(max-width: 750px) 100vw, 750px\" \/><\/a><\/p>\n<h4>Sagit\u00e1rio (22\/11 a 19\/01)<\/h4>\n<p>Expansividade, positividade e aventura s\u00e3o os pontos mais altos de sagit\u00e1rio. Quando as frequ\u00eancias declinam a grosseria, irresponsabilidade e fanatismo se tornam intensos.<\/p>\n<p>Para manter o senso de aventura do sagitariano e evitar as frequ\u00eancias baixas, \u00e9 interessante praticar a medita\u00e7\u00e3o guiada <a href=\"https:\/\/app.adjust.com\/5sn0h0b\" target=\"_blank\" rel=\"noopener\">Novos Desafios<\/a>. Uma medita\u00e7\u00e3o motivadora e que desperta o equil\u00edbrio desse signo.<\/p>\n<p><a href=\"https:\/\/app.adjust.com\/5sn0h0b\" target=\"_blank\" rel=\"noopener\"><img loading=\"lazy\" class=\"alignnone size-full wp-image-5425\" src=\"https:\/\/zenwellness.com.br\/blog\/wp-content\/uploads\/2018\/09\/medita\u00e7\u00e3o-guiada-novos-desafios-zen-app.png\" alt=\"tela da medita\u00e7\u00e3o guiada Novos Desafios do Zen app\" width=\"750\" height=\"1334\" srcset=\"https:\/\/zenwellness.com.br\/blog\/wp-content\/uploads\/2018\/09\/medita\u00e7\u00e3o-guiada-novos-desafios-zen-app.png 750w, https:\/\/zenwellness.com.br\/blog\/wp-content\/uploads\/2018\/09\/medita\u00e7\u00e3o-guiada-novos-desafios-zen-app-169x300.png 169w, https:\/\/zenwellness.com.br\/blog\/wp-content\/uploads\/2018\/09\/medita\u00e7\u00e3o-guiada-novos-desafios-zen-app-576x1024.png 576w, https:\/\/zenwellness.com.br\/blog\/wp-content\/uploads\/2018\/09\/medita\u00e7\u00e3o-guiada-novos-desafios-zen-app-300x534.png 300w, https:\/\/zenwellness.com.br\/blog\/wp-content\/uploads\/2018\/09\/medita\u00e7\u00e3o-guiada-novos-desafios-zen-app-400x711.png 400w, https:\/\/zenwellness.com.br\/blog\/wp-content\/uploads\/2018\/09\/medita\u00e7\u00e3o-guiada-novos-desafios-zen-app-650x1156.png 650w, https:\/\/zenwellness.com.br\/blog\/wp-content\/uploads\/2018\/09\/medita\u00e7\u00e3o-guiada-novos-desafios-zen-app-610x1085.png 610w\" sizes=\"(max-width: 750px) 100vw, 750px\" \/><\/a><\/p>\n<h4>Capric\u00f3rnio (22\/12 a 19\/01)<\/h4>\n<p>As frequ\u00eancias mais altas desse signo est\u00e3o relacionadas ao foco, organiza\u00e7\u00e3o e responsabilidade. Mas essas frequ\u00eancias em excesso se transformam em frequ\u00eancias baixas onde a rigidez, avareza e at\u00e9 o pessimismo se tornam presentes.<\/p>\n<p>Estimular o foco de maneira saud\u00e1vel \u00e9 uma das formas de manter o equil\u00edbrio desse signo, que pode ser realizado atrav\u00e9s de uma medita\u00e7\u00e3o para <a href=\"https:\/\/app.adjust.com\/5sn0h0b\" target=\"_blank\" rel=\"noopener\">Concretiza\u00e7\u00e3o dos Objetivos<\/a>.<\/p>\n<p><a href=\"https:\/\/app.adjust.com\/5sn0h0b\" target=\"_blank\" rel=\"noopener\"><img loading=\"lazy\" class=\"alignnone size-full wp-image-5447\" src=\"https:\/\/zenwellness.com.br\/blog\/wp-content\/uploads\/2018\/09\/medita\u00e7\u00e3o-guiada-concretiza\u00e7\u00e3o-dos-objetivos-zen-app.png\" alt=\"tela da medita\u00e7\u00e3o guiada concretiza\u00e7\u00e3o dos objetivos do zen app\" width=\"750\" height=\"1334\" srcset=\"https:\/\/zenwellness.com.br\/blog\/wp-content\/uploads\/2018\/09\/medita\u00e7\u00e3o-guiada-concretiza\u00e7\u00e3o-dos-objetivos-zen-app.png 750w, https:\/\/zenwellness.com.br\/blog\/wp-content\/uploads\/2018\/09\/medita\u00e7\u00e3o-guiada-concretiza\u00e7\u00e3o-dos-objetivos-zen-app-169x300.png 169w, https:\/\/zenwellness.com.br\/blog\/wp-content\/uploads\/2018\/09\/medita\u00e7\u00e3o-guiada-concretiza\u00e7\u00e3o-dos-objetivos-zen-app-576x1024.png 576w, https:\/\/zenwellness.com.br\/blog\/wp-content\/uploads\/2018\/09\/medita\u00e7\u00e3o-guiada-concretiza\u00e7\u00e3o-dos-objetivos-zen-app-300x534.png 300w, https:\/\/zenwellness.com.br\/blog\/wp-content\/uploads\/2018\/09\/medita\u00e7\u00e3o-guiada-concretiza\u00e7\u00e3o-dos-objetivos-zen-app-400x711.png 400w, https:\/\/zenwellness.com.br\/blog\/wp-content\/uploads\/2018\/09\/medita\u00e7\u00e3o-guiada-concretiza\u00e7\u00e3o-dos-objetivos-zen-app-650x1156.png 650w, https:\/\/zenwellness.com.br\/blog\/wp-content\/uploads\/2018\/09\/medita\u00e7\u00e3o-guiada-concretiza\u00e7\u00e3o-dos-objetivos-zen-app-610x1085.png 610w\" sizes=\"(max-width: 750px) 100vw, 750px\" \/><\/a><\/p>\n<h4>Aqu\u00e1rio (20\/01 a 18\/02)<\/h4>\n<p>O signo de aqu\u00e1rio \u00e9 revolucion\u00e1rio, original e criativo. Mas quando em excesso, as frequ\u00eancias baixas como rebeldia e o lado exc\u00eantrico ficam em evidencia e ofuscam as frequ\u00eancias altas.<\/p>\n<p>Exercitar a concentra\u00e7\u00e3o atrav\u00e9s da medita\u00e7\u00e3o <a href=\"https:\/\/app.adjust.com\/5sn0h0b\" target=\"_blank\" rel=\"noopener\">Plena Aten\u00e7\u00e3o<\/a> \u00e9 uma forma de trazer mais consci\u00eancia para a vida do aquariano.<\/p>\n<p><a href=\"https:\/\/app.adjust.com\/5sn0h0b\" target=\"_blank\" rel=\"noopener\"><img loading=\"lazy\" class=\"alignnone size-full wp-image-5444\" src=\"https:\/\/zenwellness.com.br\/blog\/wp-content\/uploads\/2018\/09\/medita\u00e7\u00e3o-guiada-plena-aten\u00e7\u00e3o-zen-app-1.png\" alt=\"tela da medita\u00e7\u00e3o guiada plena aten\u00e7\u00e3o do zen app\" width=\"750\" height=\"1334\" srcset=\"https:\/\/zenwellness.com.br\/blog\/wp-content\/uploads\/2018\/09\/medita\u00e7\u00e3o-guiada-plena-aten\u00e7\u00e3o-zen-app-1.png 750w, https:\/\/zenwellness.com.br\/blog\/wp-content\/uploads\/2018\/09\/medita\u00e7\u00e3o-guiada-plena-aten\u00e7\u00e3o-zen-app-1-169x300.png 169w, https:\/\/zenwellness.com.br\/blog\/wp-content\/uploads\/2018\/09\/medita\u00e7\u00e3o-guiada-plena-aten\u00e7\u00e3o-zen-app-1-576x1024.png 576w, https:\/\/zenwellness.com.br\/blog\/wp-content\/uploads\/2018\/09\/medita\u00e7\u00e3o-guiada-plena-aten\u00e7\u00e3o-zen-app-1-300x534.png 300w, https:\/\/zenwellness.com.br\/blog\/wp-content\/uploads\/2018\/09\/medita\u00e7\u00e3o-guiada-plena-aten\u00e7\u00e3o-zen-app-1-400x711.png 400w, https:\/\/zenwellness.com.br\/blog\/wp-content\/uploads\/2018\/09\/medita\u00e7\u00e3o-guiada-plena-aten\u00e7\u00e3o-zen-app-1-650x1156.png 650w, https:\/\/zenwellness.com.br\/blog\/wp-content\/uploads\/2018\/09\/medita\u00e7\u00e3o-guiada-plena-aten\u00e7\u00e3o-zen-app-1-610x1085.png 610w\" sizes=\"(max-width: 750px) 100vw, 750px\" \/><\/a><\/p>\n<h4>Peixes (19\/02 a 20\/03)<\/h4>\n<p>Sonhos, sensibilidade e espiritualidade, peixes \u00e9 um signo com essas caracter\u00edsticas em evid\u00eancia. Quando em desarmonia, as frequ\u00eancias baixas como dificuldade em se manter presente, fuga da realidade e instabilidade emocional podem afet\u00e1-lo.<\/p>\n<p><a href=\"https:\/\/app.adjust.com\/5sn0h0b\" target=\"_blank\" rel=\"noopener\">Reencontro Astral <\/a>\u00e9 uma excelente medita\u00e7\u00e3o para o pisciano se conectar de forma saud\u00e1vel e harm\u00f4nica com as suas frequ\u00eancias e despertar o seu lado sens\u00edvel e espiritual.<\/p>\n<p><a href=\"https:\/\/app.adjust.com\/5sn0h0b\" target=\"_blank\" rel=\"noopener\"><img loading=\"lazy\" class=\"alignnone size-full wp-image-5427\" src=\"https:\/\/zenwellness.com.br\/blog\/wp-content\/uploads\/2018\/09\/medita\u00e7\u00e3o-guiada-reencontro-astral-zen-app.png\" alt=\"tela da medita\u00e7\u00e3o guiada Reencontro Astral do Zen app\" width=\"750\" height=\"1334\" srcset=\"https:\/\/zenwellness.com.br\/blog\/wp-content\/uploads\/2018\/09\/medita\u00e7\u00e3o-guiada-reencontro-astral-zen-app.png 750w, https:\/\/zenwellness.com.br\/blog\/wp-content\/uploads\/2018\/09\/medita\u00e7\u00e3o-guiada-reencontro-astral-zen-app-169x300.png 169w, https:\/\/zenwellness.com.br\/blog\/wp-content\/uploads\/2018\/09\/medita\u00e7\u00e3o-guiada-reencontro-astral-zen-app-576x1024.png 576w, https:\/\/zenwellness.com.br\/blog\/wp-content\/uploads\/2018\/09\/medita\u00e7\u00e3o-guiada-reencontro-astral-zen-app-300x534.png 300w, https:\/\/zenwellness.com.br\/blog\/wp-content\/uploads\/2018\/09\/medita\u00e7\u00e3o-guiada-reencontro-astral-zen-app-400x711.png 400w, https:\/\/zenwellness.com.br\/blog\/wp-content\/uploads\/2018\/09\/medita\u00e7\u00e3o-guiada-reencontro-astral-zen-app-650x1156.png 650w, https:\/\/zenwellness.com.br\/blog\/wp-content\/uploads\/2018\/09\/medita\u00e7\u00e3o-guiada-reencontro-astral-zen-app-610x1085.png 610w\" sizes=\"(max-width: 750px) 100vw, 750px\" \/><\/a><\/p>\n<p>Se voc\u00ea ainda n\u00e3o conhece o Zen aproveite para <a href=\"https:\/\/app.adjust.com\/5sn0h0b\" target=\"_blank\" rel=\"noopener\">baixar agora<\/a> mesmo! S\u00e3o centenas de medita\u00e7\u00f5es guiadas, reflex\u00f5es, ferramentas e conte\u00fado exclusivo em v\u00eddeo que ajudam voc\u00ea a equilibrar a sua energia e ter mais qualidade de vida.<\/p>\n<p>Dispon\u00edvel na <a href=\"https:\/\/app.adjust.com\/5sn0h0b\" target=\"_blank\" rel=\"noopener\">App Store<\/a> e no\u00a0<a href=\"https:\/\/app.adjust.com\/5sn0h0b\" target=\"_blank\" rel=\"noopener\">Google Play<\/a>.<\/p>\n<p>Gostou do nosso post sobre medita\u00e7\u00e3o ideal para cada signo? Compartilhe com seus amigos!<\/p>\n","protected":false},"excerpt":{"rendered":"Cada signo possui suas pr\u00f3prias caracter\u00edsticas, com frequ\u00eancias altas e baixas e assim como tudo na vida, \u00e9 preciso buscar o equil\u00edbrio entre essas frequ\u00eancias que pode ser alcan\u00e7ado atrav\u00e9s da medita\u00e7\u00e3o ideal para cada signo. Ficou curioso? Ent\u00e3o continue lendo para descobrir qual a medita\u00e7\u00e3o ideal para equilibrar as energias do seu signo! Dica","protected":false},"author":3,"featured_media":5454,"comment_status":"open","ping_status":"open","sticky":false,"template":"","format":"standard","meta":[],"categories":[20],"tags":[465,161,165,159,463],"yoast_head":"<!-- This site is optimized with the Yoast SEO plugin v19.13 - https:\/\/yoast.com\/wordpress\/plugins\/seo\/ -->\n<title>Descubra qual a medita\u00e7\u00e3o ideal para cada signo<\/title>\n<meta name=\"description\" content=\"Assim como tudo na vida, \u00e9 preciso buscar o equil\u00edbrio entre essas frequ\u00eancias que pode ser alcan\u00e7ado atrav\u00e9s da medita\u00e7\u00e3o ideal para cada signo.\" \/>\n<meta name=\"robots\" content=\"index, follow, max-snippet:-1, max-image-preview:large, max-video-preview:-1\" \/>\n<link rel=\"canonical\" href=\"https:\/\/zenwellness.com.br\/blog\/meditacao-ideal-para-cada-signo\/\" \/>\n<meta property=\"og:locale\" content=\"pt_BR\" \/>\n<meta property=\"og:type\" content=\"article\" \/>\n<meta property=\"og:title\" content=\"Descubra qual a medita\u00e7\u00e3o ideal para cada signo\" \/>\n<meta property=\"og:description\" content=\"Assim como tudo na vida, \u00e9 preciso buscar o equil\u00edbrio entre essas frequ\u00eancias que pode ser alcan\u00e7ado atrav\u00e9s da medita\u00e7\u00e3o ideal para cada signo.\" \/>\n<meta property=\"og:url\" content=\"https:\/\/zenwellness.com.br\/blog\/meditacao-ideal-para-cada-signo\/\" \/>\n<meta property=\"og:site_name\" content=\"Blog Zen\" \/>\n<meta property=\"article:published_time\" content=\"2018-09-21T13:39:59+00:00\" \/>\n<meta property=\"article:modified_time\" content=\"2019-02-11T11:34:07+00:00\" \/>\n<meta property=\"og:image\" content=\"https:\/\/zenwellness.com.br\/blog\/wp-content\/uploads\/2018\/09\/medita\u00e7\u00e3o-ideal-para-cada-signo-zen-app.jpg\" \/>\n\t<meta property=\"og:image:width\" content=\"1200\" \/>\n\t<meta property=\"og:image:height\" content=\"800\" \/>\n\t<meta property=\"og:image:type\" content=\"image\/jpeg\" \/>\n<meta name=\"author\" content=\"Zen App\" \/>\n<meta name=\"twitter:card\" content=\"summary_large_image\" \/>\n<meta name=\"twitter:label1\" content=\"Escrito por\" \/>\n\t<meta name=\"twitter:data1\" content=\"Zen App\" \/>\n\t<meta name=\"twitter:label2\" content=\"Est. tempo de leitura\" \/>\n\t<meta name=\"twitter:data2\" content=\"6 minutos\" \/>\n<script type=\"application\/ld+json\" class=\"yoast-schema-graph\">{\"@context\":\"https:\/\/schema.org\",\"@graph\":[{\"@type\":\"WebPage\",\"@id\":\"https:\/\/zenwellness.com.br\/blog\/meditacao-ideal-para-cada-signo\/\",\"url\":\"https:\/\/zenwellness.com.br\/blog\/meditacao-ideal-para-cada-signo\/\",\"name\":\"Descubra qual a medita\u00e7\u00e3o ideal para cada signo\",\"isPartOf\":{\"@id\":\"https:\/\/zenwellness.com.br\/blog\/#website\"},\"datePublished\":\"2018-09-21T13:39:59+00:00\",\"dateModified\":\"2019-02-11T11:34:07+00:00\",\"author\":{\"@id\":\"https:\/\/zenwellness.com.br\/blog\/#\/schema\/person\/dc3b6c111f1f8688c7b4c9aaedcf1334\"},\"description\":\"Assim como tudo na vida, \u00e9 preciso buscar o equil\u00edbrio entre essas frequ\u00eancias que pode ser alcan\u00e7ado atrav\u00e9s da medita\u00e7\u00e3o ideal para cada signo.\",\"breadcrumb\":{\"@id\":\"https:\/\/zenwellness.com.br\/blog\/meditacao-ideal-para-cada-signo\/#breadcrumb\"},\"inLanguage\":\"pt-BR\",\"potentialAction\":[{\"@type\":\"ReadAction\",\"target\":[\"https:\/\/zenwellness.com.br\/blog\/meditacao-ideal-para-cada-signo\/\"]}]},{\"@type\":\"BreadcrumbList\",\"@id\":\"https:\/\/zenwellness.com.br\/blog\/meditacao-ideal-para-cada-signo\/#breadcrumb\",\"itemListElement\":[{\"@type\":\"ListItem\",\"position\":1,\"name\":\"In\u00edcio\",\"item\":\"https:\/\/zenwellness.com.br\/blog\/\"},{\"@type\":\"ListItem\",\"position\":2,\"name\":\"Medita\u00e7\u00e3o\",\"item\":\"https:\/\/zenwellness.com.br\/blog\/meditacao\/\"},{\"@type\":\"ListItem\",\"position\":3,\"name\":\"Descubra qual a medita\u00e7\u00e3o ideal para cada signo\"}]},{\"@type\":\"WebSite\",\"@id\":\"https:\/\/zenwellness.com.br\/blog\/#website\",\"url\":\"https:\/\/zenwellness.com.br\/blog\/\",\"name\":\"Blog Zen\",\"description\":\"\",\"potentialAction\":[{\"@type\":\"SearchAction\",\"target\":{\"@type\":\"EntryPoint\",\"urlTemplate\":\"https:\/\/zenwellness.com.br\/blog\/?s={search_term_string}\"},\"query-input\":\"required name=search_term_string\"}],\"inLanguage\":\"pt-BR\"},{\"@type\":\"Person\",\"@id\":\"https:\/\/zenwellness.com.br\/blog\/#\/schema\/person\/dc3b6c111f1f8688c7b4c9aaedcf1334\",\"name\":\"Zen App\",\"image\":{\"@type\":\"ImageObject\",\"inLanguage\":\"pt-BR\",\"@id\":\"https:\/\/zenwellness.com.br\/blog\/#\/schema\/person\/image\/\",\"url\":\"https:\/\/secure.gravatar.com\/avatar\/e1a1039aa8b9eabcae4ac096ddf633a4?s=96&d=mm&r=g\",\"contentUrl\":\"https:\/\/secure.gravatar.com\/avatar\/e1a1039aa8b9eabcae4ac096ddf633a4?s=96&d=mm&r=g\",\"caption\":\"Zen App\"},\"url\":\"https:\/\/zenwellness.com.br\/blog\/author\/zenapp\/\"}]}<\/script>\n<!-- \/ Yoast SEO plugin. -->","yoast_head_json":{"title":"Descubra qual a medita\u00e7\u00e3o ideal para cada signo","description":"Assim como tudo na vida, \u00e9 preciso buscar o equil\u00edbrio entre essas frequ\u00eancias que pode ser alcan\u00e7ado atrav\u00e9s da medita\u00e7\u00e3o ideal para cada signo.","robots":{"index":"index","follow":"follow","max-snippet":"max-snippet:-1","max-image-preview":"max-image-preview:large","max-video-preview":"max-video-preview:-1"},"canonical":"https:\/\/zenwellness.com.br\/blog\/meditacao-ideal-para-cada-signo\/","og_locale":"pt_BR","og_type":"article","og_title":"Descubra qual a medita\u00e7\u00e3o ideal para cada signo","og_description":"Assim como tudo na vida, \u00e9 preciso buscar o equil\u00edbrio entre essas frequ\u00eancias que pode ser alcan\u00e7ado atrav\u00e9s da medita\u00e7\u00e3o ideal para cada signo.","og_url":"https:\/\/zenwellness.com.br\/blog\/meditacao-ideal-para-cada-signo\/","og_site_name":"Blog Zen","article_published_time":"2018-09-21T13:39:59+00:00","article_modified_time":"2019-02-11T11:34:07+00:00","og_image":[{"width":1200,"height":800,"url":"https:\/\/zenwellness.com.br\/blog\/wp-content\/uploads\/2018\/09\/medita\u00e7\u00e3o-ideal-para-cada-signo-zen-app.jpg","type":"image\/jpeg"}],"author":"Zen App","twitter_card":"summary_large_image","twitter_misc":{"Escrito por":"Zen App","Est. tempo de leitura":"6 minutos"},"schema":{"@context":"https:\/\/schema.org","@graph":[{"@type":"WebPage","@id":"https:\/\/zenwellness.com.br\/blog\/meditacao-ideal-para-cada-signo\/","url":"https:\/\/zenwellness.com.br\/blog\/meditacao-ideal-para-cada-signo\/","name":"Descubra qual a medita\u00e7\u00e3o ideal para cada signo","isPartOf":{"@id":"https:\/\/zenwellness.com.br\/blog\/#website"},"datePublished":"2018-09-21T13:39:59+00:00","dateModified":"2019-02-11T11:34:07+00:00","author":{"@id":"https:\/\/zenwellness.com.br\/blog\/#\/schema\/person\/dc3b6c111f1f8688c7b4c9aaedcf1334"},"description":"Assim como tudo na vida, \u00e9 preciso buscar o equil\u00edbrio entre essas frequ\u00eancias que pode ser alcan\u00e7ado atrav\u00e9s da medita\u00e7\u00e3o ideal para cada signo.","breadcrumb":{"@id":"https:\/\/zenwellness.com.br\/blog\/meditacao-ideal-para-cada-signo\/#breadcrumb"},"inLanguage":"pt-BR","potentialAction":[{"@type":"ReadAction","target":["https:\/\/zenwellness.com.br\/blog\/meditacao-ideal-para-cada-signo\/"]}]},{"@type":"BreadcrumbList","@id":"https:\/\/zenwellness.com.br\/blog\/meditacao-ideal-para-cada-signo\/#breadcrumb","itemListElement":[{"@type":"ListItem","position":1,"name":"In\u00edcio","item":"https:\/\/zenwellness.com.br\/blog\/"},{"@type":"ListItem","position":2,"name":"Medita\u00e7\u00e3o","item":"https:\/\/zenwellness.com.br\/blog\/meditacao\/"},{"@type":"ListItem","position":3,"name":"Descubra qual a medita\u00e7\u00e3o ideal para cada signo"}]},{"@type":"WebSite","@id":"https:\/\/zenwellness.com.br\/blog\/#website","url":"https:\/\/zenwellness.com.br\/blog\/","name":"Blog Zen","description":"","potentialAction":[{"@type":"SearchAction","target":{"@type":"EntryPoint","urlTemplate":"https:\/\/zenwellness.com.br\/blog\/?s={search_term_string}"},"query-input":"required name=search_term_string"}],"inLanguage":"pt-BR"},{"@type":"Person","@id":"https:\/\/zenwellness.com.br\/blog\/#\/schema\/person\/dc3b6c111f1f8688c7b4c9aaedcf1334","name":"Zen App","image":{"@type":"ImageObject","inLanguage":"pt-BR","@id":"https:\/\/zenwellness.com.br\/blog\/#\/schema\/person\/image\/","url":"https:\/\/secure.gravatar.com\/avatar\/e1a1039aa8b9eabcae4ac096ddf633a4?s=96&d=mm&r=g","contentUrl":"https:\/\/secure.gravatar.com\/avatar\/e1a1039aa8b9eabcae4ac096ddf633a4?s=96&d=mm&r=g","caption":"Zen App"},"url":"https:\/\/zenwellness.com.br\/blog\/author\/zenapp\/"}]}},"_links":{"self":[{"href":"https:\/\/zenwellness.com.br\/blog\/wp-json\/wp\/v2\/posts\/5420"}],"collection":[{"href":"https:\/\/zenwellness.com.br\/blog\/wp-json\/wp\/v2\/posts"}],"about":[{"href":"https:\/\/zenwellness.com.br\/blog\/wp-json\/wp\/v2\/types\/post"}],"author":[{"embeddable":true,"href":"https:\/\/zenwellness.com.br\/blog\/wp-json\/wp\/v2\/users\/3"}],"replies":[{"embeddable":true,"href":"https:\/\/zenwellness.com.br\/blog\/wp-json\/wp\/v2\/comments?post=5420"}],"version-history":[{"count":1,"href":"https:\/\/zenwellness.com.br\/blog\/wp-json\/wp\/v2\/posts\/5420\/revisions"}],"predecessor-version":[{"id":6449,"href":"https:\/\/zenwellness.com.br\/blog\/wp-json\/wp\/v2\/posts\/5420\/revisions\/6449"}],"wp:featuredmedia":[{"embeddable":true,"href":"https:\/\/zenwellness.com.br\/blog\/wp-json\/wp\/v2\/media\/5454"}],"wp:attachment":[{"href":"https:\/\/zenwellness.com.br\/blog\/wp-json\/wp\/v2\/media?parent=5420"}],"wp:term":[{"taxonomy":"category","embeddable":true,"href":"https:\/\/zenwellness.com.br\/blog\/wp-json\/wp\/v2\/categories?post=5420"},{"taxonomy":"post_tag","embeddable":true,"href":"https:\/\/zenwellness.com.br\/blog\/wp-json\/wp\/v2\/tags?post=5420"}],"curies":[{"name":"wp","href":"https:\/\/api.w.org\/{rel}","templated":true}]}}