{"id":5283,"date":"2018-09-05T14:10:02","date_gmt":"2018-09-05T17:10:02","guid":{"rendered":"https:\/\/zenwellness.com.br\/blog\/?p=5283"},"modified":"2019-02-11T08:41:19","modified_gmt":"2019-02-11T11:41:19","slug":"meditacao-diaria-descubra-como-transformar-a-meditacao-em-habito","status":"publish","type":"post","link":"https:\/\/zenwellness.com.br\/blog\/meditacao-diaria-descubra-como-transformar-a-meditacao-em-habito\/","title":{"rendered":"Medita\u00e7\u00e3o di\u00e1ria: descubra como transformar a medita\u00e7\u00e3o em h\u00e1bito"},"content":{"rendered":"<p>Oprah Winfrey pratica pela manh\u00e3, Eddie Van Halen enquanto toca guitarra, Gisele B\u00fcndchen dedica 20 minutos para a medita\u00e7\u00e3o di\u00e1ria e o ator Caio Blat inclui a pr\u00e1tica em grande parte das suas atividades.<\/p>\n<p>A pr\u00e1tica regular de medita\u00e7\u00e3o traz in\u00fameros benef\u00edcios. Dentre eles o al\u00edvio dos momentos de ansiedade, auxilia no relaxamento do corpo e da mente, <a href=\"https:\/\/zenwellness.com.br\/blog\/descubra-como-aliviar-o-estresse-no-trabalho\/\" target=\"_blank\" rel=\"noopener\">reduz o estresse<\/a> e combate a ins\u00f4nia.<\/p>\n<p>Al\u00e9m de melhorar a concentra\u00e7\u00e3o, estimular a criatividade e fazer muito bem para a mem\u00f3ria.<\/p>\n<p> Para descobrir o que \u00e9 e como transformar a medita\u00e7\u00e3o em um h\u00e1bito, sem que isso seja uma obriga\u00e7\u00e3o,\u00a0 continue lendo!<\/p>\n<h2>A medita\u00e7\u00e3o di\u00e1ria<\/h2>\n<p>&nbsp;<\/p>\n<p>Come\u00e7ar a meditar \u00e9 mais simples do que voc\u00ea pensa e a medita\u00e7\u00e3o di\u00e1ria n\u00e3o precisa ser uma obriga\u00e7\u00e3o. No come\u00e7o \u00e9 comum que voc\u00ea esque\u00e7a de meditar um ou dois dias e n\u00e3o h\u00e1 problema nenhum nisso.<\/p>\n<p>Para que ela n\u00e3o se torne uma obriga\u00e7\u00e3o que com o tempo venha a te frustrar, selecionamos algumas t\u00e9cnicas de medita\u00e7\u00e3o. Veja qual delas se adequa melhor ao seu estilo de vida.<\/p>\n<h4>1 \u2013 Programa 21 dias de medita\u00e7\u00e3o [<a href=\"https:\/\/app.adjust.com\/w5rx7rw\" target=\"_blank\" rel=\"noopener\">COME\u00c7AR AGORA<\/a>]<\/h4>\n<p>Alguns estudos indicam que 21 dias \u00e9 o tempo ideal para se criar um novo h\u00e1bito e a ideia desse programa \u00e9 justamente isso. Que voc\u00ea descubra como meditar e consiga transform\u00e1-lo em h\u00e1bito.<\/p>\n<p>A cada dia voc\u00ea ir\u00e1 ouvir uma medita\u00e7\u00e3o diferente, que ir\u00e1 aumentar um pouco a sua dura\u00e7\u00e3o. \u00c9 ideal para as pessoas que querem aprender a meditar, mas que ainda tem certa resist\u00eancia ou medo.<\/p>\n<p>Todo o programa \u00e9 guiado na voz da co fundadora do Zen, <a href=\"http:\/\/www.julianagoes.com.br\/\" target=\"_blank\" rel=\"noopener\">Juliana Goes<\/a>. Al\u00e9m de guiar a pr\u00e1tica ela tamb\u00e9m ir\u00e1 te motivar, para que voc\u00ea se sinta estimulado a continuar.<\/p>\n<p><a href=\"https:\/\/app.adjust.com\/w5rx7rw\" target=\"_blank\" rel=\"noopener\"><img loading=\"lazy\" class=\"alignnone size-full wp-image-5284\" src=\"https:\/\/zenwellness.com.br\/blog\/wp-content\/uploads\/2018\/09\/programa-21-dias-de-medita\u00e7\u00e3o-zen-app.png\" alt=\"tela do programa 21 dias de medita\u00e7\u00e3o do Zen app para medita\u00e7\u00e3o di\u00e1ria\" width=\"750\" height=\"1334\" srcset=\"https:\/\/zenwellness.com.br\/blog\/wp-content\/uploads\/2018\/09\/programa-21-dias-de-medita\u00e7\u00e3o-zen-app.png 750w, https:\/\/zenwellness.com.br\/blog\/wp-content\/uploads\/2018\/09\/programa-21-dias-de-medita\u00e7\u00e3o-zen-app-169x300.png 169w, https:\/\/zenwellness.com.br\/blog\/wp-content\/uploads\/2018\/09\/programa-21-dias-de-medita\u00e7\u00e3o-zen-app-576x1024.png 576w, https:\/\/zenwellness.com.br\/blog\/wp-content\/uploads\/2018\/09\/programa-21-dias-de-medita\u00e7\u00e3o-zen-app-300x534.png 300w, https:\/\/zenwellness.com.br\/blog\/wp-content\/uploads\/2018\/09\/programa-21-dias-de-medita\u00e7\u00e3o-zen-app-400x711.png 400w, https:\/\/zenwellness.com.br\/blog\/wp-content\/uploads\/2018\/09\/programa-21-dias-de-medita\u00e7\u00e3o-zen-app-650x1156.png 650w, https:\/\/zenwellness.com.br\/blog\/wp-content\/uploads\/2018\/09\/programa-21-dias-de-medita\u00e7\u00e3o-zen-app-610x1085.png 610w\" sizes=\"(max-width: 750px) 100vw, 750px\" \/><\/a><\/p>\n<h4>2 \u2013 Adhama Pranayama [<a href=\"https:\/\/app.adjust.com\/w5rx7rw\" target=\"_blank\" rel=\"noopener\">PRATICAR AGORA<\/a>]<\/h4>\n<p>Uma forma simples e pr\u00e1tica de incluir a medita\u00e7\u00e3o di\u00e1ria na sua rotina \u00e9 respirando. Isso mesmo!<\/p>\n<p>Existem algumas t\u00e9cnicas de respira\u00e7\u00e3o que nos ajudam a relaxar e a meditar, como \u00e9 o caso da <a href=\"https:\/\/app.adjust.com\/w5rx7rw\" target=\"_blank\" rel=\"noopener\">Adhama Pranayama<\/a>.<\/p>\n<p>Aprender t\u00e9cnicas de respira\u00e7\u00e3o como uma forma de meditar vai permitir que voc\u00ea o fa\u00e7a em qualquer lugar e a qualquer momento. Praticando uma atividade f\u00edsica, andando na rua, trabalhando&#8230;<\/p>\n<p>Quando voltamos a aten\u00e7\u00e3o para a respira\u00e7\u00e3o tamb\u00e9m estamos prestando aten\u00e7\u00e3o no que est\u00e1 acontecendo aqui e agora. Estamos trazendo presen\u00e7a e consci\u00eancia.<\/p>\n<p><a href=\"https:\/\/app.adjust.com\/w5rx7rw\" target=\"_blank\" rel=\"noopener\"><img loading=\"lazy\" class=\"alignnone size-full wp-image-5286\" src=\"https:\/\/zenwellness.com.br\/blog\/wp-content\/uploads\/2018\/09\/medita\u00e7\u00e3o-guiada-adhama-pranayama-zen-app.png\" alt=\"tela da medita\u00e7\u00e3o guiada Adhama Pranayama do Zen app para medita\u00e7\u00e3o di\u00e1ria\" width=\"750\" height=\"1334\" srcset=\"https:\/\/zenwellness.com.br\/blog\/wp-content\/uploads\/2018\/09\/medita\u00e7\u00e3o-guiada-adhama-pranayama-zen-app.png 750w, https:\/\/zenwellness.com.br\/blog\/wp-content\/uploads\/2018\/09\/medita\u00e7\u00e3o-guiada-adhama-pranayama-zen-app-169x300.png 169w, https:\/\/zenwellness.com.br\/blog\/wp-content\/uploads\/2018\/09\/medita\u00e7\u00e3o-guiada-adhama-pranayama-zen-app-576x1024.png 576w, https:\/\/zenwellness.com.br\/blog\/wp-content\/uploads\/2018\/09\/medita\u00e7\u00e3o-guiada-adhama-pranayama-zen-app-300x534.png 300w, https:\/\/zenwellness.com.br\/blog\/wp-content\/uploads\/2018\/09\/medita\u00e7\u00e3o-guiada-adhama-pranayama-zen-app-400x711.png 400w, https:\/\/zenwellness.com.br\/blog\/wp-content\/uploads\/2018\/09\/medita\u00e7\u00e3o-guiada-adhama-pranayama-zen-app-650x1156.png 650w, https:\/\/zenwellness.com.br\/blog\/wp-content\/uploads\/2018\/09\/medita\u00e7\u00e3o-guiada-adhama-pranayama-zen-app-610x1085.png 610w\" sizes=\"(max-width: 750px) 100vw, 750px\" \/><\/a><\/p>\n<h4>3 \u2013 Frequ\u00eancias binaurais [<a href=\"https:\/\/app.adjust.com\/w5rx7rw\" target=\"_blank\" rel=\"noopener\">OUVIR AGORA<\/a>]<\/h4>\n<p>Voc\u00ea j\u00e1 deve ter lido por a\u00ed que alguns sons s\u00e3o capazes de despertar as mais diversas rea\u00e7\u00f5es em nosso corpo, certo? Se voc\u00ea passa grande parte do seu dia ouvindo m\u00fasicas as <a href=\"https:\/\/app.adjust.com\/w5rx7rw\" target=\"_blank\" rel=\"noopener\">Frequ\u00eancias Binaurais<\/a> podem fazer parte desses momentos.<\/p>\n<p>Essas frequ\u00eancias s\u00e3o sons ou batidas que escutamos em oscila\u00e7\u00f5es diferentes e que consegue estimular o nosso c\u00e9rebro e at\u00e9 alterar o nosso comportamento.<\/p>\n<p>Cada tipo de <a href=\"https:\/\/zenwellness.com.br\/blog\/voce-sabe-o-que-sao-as-frequencias-binaurais\/\" target=\"_blank\" rel=\"noopener\">frequ\u00eancia binaural<\/a> tem uma inten\u00e7\u00e3o, seja para relaxar, equilibrar os chakras, ter foco, ajudar a ter um sono melhor. Voc\u00ea s\u00f3 precisa escolher a sua!<\/p>\n<p><a href=\"https:\/\/app.adjust.com\/w5rx7rw\" target=\"_blank\" rel=\"noopener\"><img loading=\"lazy\" class=\"alignnone size-full wp-image-5288\" src=\"https:\/\/zenwellness.com.br\/blog\/wp-content\/uploads\/2018\/09\/frequencias-binaurais-para-sono-profundo-zen-app.png\" alt=\"tela das frequ\u00eancias binaurais do zen app para sono profundo \" width=\"750\" height=\"1334\" srcset=\"https:\/\/zenwellness.com.br\/blog\/wp-content\/uploads\/2018\/09\/frequencias-binaurais-para-sono-profundo-zen-app.png 750w, https:\/\/zenwellness.com.br\/blog\/wp-content\/uploads\/2018\/09\/frequencias-binaurais-para-sono-profundo-zen-app-169x300.png 169w, https:\/\/zenwellness.com.br\/blog\/wp-content\/uploads\/2018\/09\/frequencias-binaurais-para-sono-profundo-zen-app-576x1024.png 576w, https:\/\/zenwellness.com.br\/blog\/wp-content\/uploads\/2018\/09\/frequencias-binaurais-para-sono-profundo-zen-app-300x534.png 300w, https:\/\/zenwellness.com.br\/blog\/wp-content\/uploads\/2018\/09\/frequencias-binaurais-para-sono-profundo-zen-app-400x711.png 400w, https:\/\/zenwellness.com.br\/blog\/wp-content\/uploads\/2018\/09\/frequencias-binaurais-para-sono-profundo-zen-app-650x1156.png 650w, https:\/\/zenwellness.com.br\/blog\/wp-content\/uploads\/2018\/09\/frequencias-binaurais-para-sono-profundo-zen-app-610x1085.png 610w\" sizes=\"(max-width: 750px) 100vw, 750px\" \/><\/a><\/p>\n<p>Seja uma <a href=\"https:\/\/zenwellness.com.br\/blog\/meditacao-ativa-e-passiva-entenda-a-diferenca\/\" target=\"_blank\" rel=\"noopener\">medita\u00e7\u00e3o passiva ou ativa<\/a>, com trilhas ou mantras o importante \u00e9 trazer mais consci\u00eancia de forma natural.<\/p>\n<p>Para descobrir outras t\u00e9cnicas para a medita\u00e7\u00e3o di\u00e1ria, recomendo <a href=\"https:\/\/app.adjust.com\/w5rx7rw\" target=\"_blank\" rel=\"noopener\">baixar gr\u00e1tis<\/a> o Zen e aproveitar todo o seu conte\u00fado por <a href=\"https:\/\/app.adjust.com\/w5rx7rw\" target=\"_blank\" rel=\"noopener\">7 dias gr\u00e1tis<\/a>! <\/p>\n<p> Aproveite a variedade de reflex\u00f5es, medita\u00e7\u00f5es guiadas, trilhas, mantras e at\u00e9 conte\u00fados em v\u00eddeo. O Zen \u00e9 a porta de entrada para uma vida com mais amor e presen\u00e7a todos os dias. <\/p>\n<p> Dispon\u00edvel na <a href=\"https:\/\/app.adjust.com\/w5rx7rw\" target=\"_blank\" rel=\"noopener\">App Store<\/a> e no <a href=\"https:\/\/app.adjust.com\/w5rx7rw\" target=\"_blank\" rel=\"noopener\">Google Play<\/a>.<\/p>\n","protected":false},"excerpt":{"rendered":"Oprah Winfrey pratica pela manh\u00e3, Eddie Van Halen enquanto toca guitarra, Gisele B\u00fcndchen dedica 20 minutos para a medita\u00e7\u00e3o di\u00e1ria e o ator Caio Blat inclui a pr\u00e1tica em grande parte das suas atividades. A pr\u00e1tica regular de medita\u00e7\u00e3o traz in\u00fameros benef\u00edcios. Dentre eles o al\u00edvio dos momentos de ansiedade, auxilia no relaxamento do corpo","protected":false},"author":3,"featured_media":5295,"comment_status":"open","ping_status":"open","sticky":false,"template":"","format":"standard","meta":[],"categories":[20],"tags":[221,165,159,245],"yoast_head":"<!-- This site is optimized with the Yoast SEO plugin v19.13 - https:\/\/yoast.com\/wordpress\/plugins\/seo\/ -->\n<title>Medita\u00e7\u00e3o Di\u00e1ria: Como Trasnformar A Medita\u00e7\u00e3o Em H\u00e1bito<\/title>\n<meta name=\"description\" content=\"Quer come\u00e7ar a meditar mas sente dificuldade de pratic\u00e1-la todos os dias? Leia nosso artigo e veja como transformar a medita\u00e7\u00e3o em um h\u00e1bito!\" \/>\n<meta name=\"robots\" content=\"index, follow, max-snippet:-1, max-image-preview:large, max-video-preview:-1\" \/>\n<link rel=\"canonical\" href=\"https:\/\/zenwellness.com.br\/blog\/meditacao-diaria-descubra-como-transformar-a-meditacao-em-habito\/\" \/>\n<meta property=\"og:locale\" content=\"pt_BR\" \/>\n<meta property=\"og:type\" content=\"article\" \/>\n<meta property=\"og:title\" content=\"Medita\u00e7\u00e3o Di\u00e1ria: Como Trasnformar A Medita\u00e7\u00e3o Em H\u00e1bito\" \/>\n<meta property=\"og:description\" content=\"Quer come\u00e7ar a meditar mas sente dificuldade de pratic\u00e1-la todos os dias? Leia nosso artigo e veja como transformar a medita\u00e7\u00e3o em um h\u00e1bito!\" \/>\n<meta property=\"og:url\" content=\"https:\/\/zenwellness.com.br\/blog\/meditacao-diaria-descubra-como-transformar-a-meditacao-em-habito\/\" \/>\n<meta property=\"og:site_name\" content=\"Blog Zen\" \/>\n<meta property=\"article:published_time\" content=\"2018-09-05T17:10:02+00:00\" \/>\n<meta property=\"article:modified_time\" content=\"2019-02-11T11:41:19+00:00\" \/>\n<meta property=\"og:image\" content=\"https:\/\/zenwellness.com.br\/blog\/wp-content\/uploads\/2018\/09\/medita\u00e7\u00e3o-diaria-zen-app-1.jpg\" \/>\n\t<meta property=\"og:image:width\" content=\"1200\" \/>\n\t<meta property=\"og:image:height\" content=\"661\" \/>\n\t<meta property=\"og:image:type\" content=\"image\/jpeg\" \/>\n<meta name=\"author\" content=\"Zen App\" \/>\n<meta name=\"twitter:card\" content=\"summary_large_image\" \/>\n<meta name=\"twitter:label1\" content=\"Escrito por\" \/>\n\t<meta name=\"twitter:data1\" content=\"Zen App\" \/>\n\t<meta name=\"twitter:label2\" content=\"Est. tempo de leitura\" \/>\n\t<meta name=\"twitter:data2\" content=\"3 minutos\" \/>\n<script type=\"application\/ld+json\" class=\"yoast-schema-graph\">{\"@context\":\"https:\/\/schema.org\",\"@graph\":[{\"@type\":\"WebPage\",\"@id\":\"https:\/\/zenwellness.com.br\/blog\/meditacao-diaria-descubra-como-transformar-a-meditacao-em-habito\/\",\"url\":\"https:\/\/zenwellness.com.br\/blog\/meditacao-diaria-descubra-como-transformar-a-meditacao-em-habito\/\",\"name\":\"Medita\u00e7\u00e3o Di\u00e1ria: Como Trasnformar A Medita\u00e7\u00e3o Em H\u00e1bito\",\"isPartOf\":{\"@id\":\"https:\/\/zenwellness.com.br\/blog\/#website\"},\"datePublished\":\"2018-09-05T17:10:02+00:00\",\"dateModified\":\"2019-02-11T11:41:19+00:00\",\"author\":{\"@id\":\"https:\/\/zenwellness.com.br\/blog\/#\/schema\/person\/dc3b6c111f1f8688c7b4c9aaedcf1334\"},\"description\":\"Quer come\u00e7ar a meditar mas sente dificuldade de pratic\u00e1-la todos os dias? Leia nosso artigo e veja como transformar a medita\u00e7\u00e3o em um h\u00e1bito!\",\"breadcrumb\":{\"@id\":\"https:\/\/zenwellness.com.br\/blog\/meditacao-diaria-descubra-como-transformar-a-meditacao-em-habito\/#breadcrumb\"},\"inLanguage\":\"pt-BR\",\"potentialAction\":[{\"@type\":\"ReadAction\",\"target\":[\"https:\/\/zenwellness.com.br\/blog\/meditacao-diaria-descubra-como-transformar-a-meditacao-em-habito\/\"]}]},{\"@type\":\"BreadcrumbList\",\"@id\":\"https:\/\/zenwellness.com.br\/blog\/meditacao-diaria-descubra-como-transformar-a-meditacao-em-habito\/#breadcrumb\",\"itemListElement\":[{\"@type\":\"ListItem\",\"position\":1,\"name\":\"In\u00edcio\",\"item\":\"https:\/\/zenwellness.com.br\/blog\/\"},{\"@type\":\"ListItem\",\"position\":2,\"name\":\"Medita\u00e7\u00e3o\",\"item\":\"https:\/\/zenwellness.com.br\/blog\/meditacao\/\"},{\"@type\":\"ListItem\",\"position\":3,\"name\":\"Medita\u00e7\u00e3o di\u00e1ria: descubra como transformar a medita\u00e7\u00e3o em h\u00e1bito\"}]},{\"@type\":\"WebSite\",\"@id\":\"https:\/\/zenwellness.com.br\/blog\/#website\",\"url\":\"https:\/\/zenwellness.com.br\/blog\/\",\"name\":\"Blog Zen\",\"description\":\"\",\"potentialAction\":[{\"@type\":\"SearchAction\",\"target\":{\"@type\":\"EntryPoint\",\"urlTemplate\":\"https:\/\/zenwellness.com.br\/blog\/?s={search_term_string}\"},\"query-input\":\"required name=search_term_string\"}],\"inLanguage\":\"pt-BR\"},{\"@type\":\"Person\",\"@id\":\"https:\/\/zenwellness.com.br\/blog\/#\/schema\/person\/dc3b6c111f1f8688c7b4c9aaedcf1334\",\"name\":\"Zen App\",\"image\":{\"@type\":\"ImageObject\",\"inLanguage\":\"pt-BR\",\"@id\":\"https:\/\/zenwellness.com.br\/blog\/#\/schema\/person\/image\/\",\"url\":\"https:\/\/secure.gravatar.com\/avatar\/e1a1039aa8b9eabcae4ac096ddf633a4?s=96&d=mm&r=g\",\"contentUrl\":\"https:\/\/secure.gravatar.com\/avatar\/e1a1039aa8b9eabcae4ac096ddf633a4?s=96&d=mm&r=g\",\"caption\":\"Zen App\"},\"url\":\"https:\/\/zenwellness.com.br\/blog\/author\/zenapp\/\"}]}<\/script>\n<!-- \/ Yoast SEO plugin. -->","yoast_head_json":{"title":"Medita\u00e7\u00e3o Di\u00e1ria: Como Trasnformar A Medita\u00e7\u00e3o Em H\u00e1bito","description":"Quer come\u00e7ar a meditar mas sente dificuldade de pratic\u00e1-la todos os dias? Leia nosso artigo e veja como transformar a medita\u00e7\u00e3o em um h\u00e1bito!","robots":{"index":"index","follow":"follow","max-snippet":"max-snippet:-1","max-image-preview":"max-image-preview:large","max-video-preview":"max-video-preview:-1"},"canonical":"https:\/\/zenwellness.com.br\/blog\/meditacao-diaria-descubra-como-transformar-a-meditacao-em-habito\/","og_locale":"pt_BR","og_type":"article","og_title":"Medita\u00e7\u00e3o Di\u00e1ria: Como Trasnformar A Medita\u00e7\u00e3o Em H\u00e1bito","og_description":"Quer come\u00e7ar a meditar mas sente dificuldade de pratic\u00e1-la todos os dias? Leia nosso artigo e veja como transformar a medita\u00e7\u00e3o em um h\u00e1bito!","og_url":"https:\/\/zenwellness.com.br\/blog\/meditacao-diaria-descubra-como-transformar-a-meditacao-em-habito\/","og_site_name":"Blog Zen","article_published_time":"2018-09-05T17:10:02+00:00","article_modified_time":"2019-02-11T11:41:19+00:00","og_image":[{"width":1200,"height":661,"url":"https:\/\/zenwellness.com.br\/blog\/wp-content\/uploads\/2018\/09\/medita\u00e7\u00e3o-diaria-zen-app-1.jpg","type":"image\/jpeg"}],"author":"Zen App","twitter_card":"summary_large_image","twitter_misc":{"Escrito por":"Zen App","Est. tempo de leitura":"3 minutos"},"schema":{"@context":"https:\/\/schema.org","@graph":[{"@type":"WebPage","@id":"https:\/\/zenwellness.com.br\/blog\/meditacao-diaria-descubra-como-transformar-a-meditacao-em-habito\/","url":"https:\/\/zenwellness.com.br\/blog\/meditacao-diaria-descubra-como-transformar-a-meditacao-em-habito\/","name":"Medita\u00e7\u00e3o Di\u00e1ria: Como Trasnformar A Medita\u00e7\u00e3o Em H\u00e1bito","isPartOf":{"@id":"https:\/\/zenwellness.com.br\/blog\/#website"},"datePublished":"2018-09-05T17:10:02+00:00","dateModified":"2019-02-11T11:41:19+00:00","author":{"@id":"https:\/\/zenwellness.com.br\/blog\/#\/schema\/person\/dc3b6c111f1f8688c7b4c9aaedcf1334"},"description":"Quer come\u00e7ar a meditar mas sente dificuldade de pratic\u00e1-la todos os dias? Leia nosso artigo e veja como transformar a medita\u00e7\u00e3o em um h\u00e1bito!","breadcrumb":{"@id":"https:\/\/zenwellness.com.br\/blog\/meditacao-diaria-descubra-como-transformar-a-meditacao-em-habito\/#breadcrumb"},"inLanguage":"pt-BR","potentialAction":[{"@type":"ReadAction","target":["https:\/\/zenwellness.com.br\/blog\/meditacao-diaria-descubra-como-transformar-a-meditacao-em-habito\/"]}]},{"@type":"BreadcrumbList","@id":"https:\/\/zenwellness.com.br\/blog\/meditacao-diaria-descubra-como-transformar-a-meditacao-em-habito\/#breadcrumb","itemListElement":[{"@type":"ListItem","position":1,"name":"In\u00edcio","item":"https:\/\/zenwellness.com.br\/blog\/"},{"@type":"ListItem","position":2,"name":"Medita\u00e7\u00e3o","item":"https:\/\/zenwellness.com.br\/blog\/meditacao\/"},{"@type":"ListItem","position":3,"name":"Medita\u00e7\u00e3o di\u00e1ria: descubra como transformar a medita\u00e7\u00e3o em h\u00e1bito"}]},{"@type":"WebSite","@id":"https:\/\/zenwellness.com.br\/blog\/#website","url":"https:\/\/zenwellness.com.br\/blog\/","name":"Blog Zen","description":"","potentialAction":[{"@type":"SearchAction","target":{"@type":"EntryPoint","urlTemplate":"https:\/\/zenwellness.com.br\/blog\/?s={search_term_string}"},"query-input":"required name=search_term_string"}],"inLanguage":"pt-BR"},{"@type":"Person","@id":"https:\/\/zenwellness.com.br\/blog\/#\/schema\/person\/dc3b6c111f1f8688c7b4c9aaedcf1334","name":"Zen App","image":{"@type":"ImageObject","inLanguage":"pt-BR","@id":"https:\/\/zenwellness.com.br\/blog\/#\/schema\/person\/image\/","url":"https:\/\/secure.gravatar.com\/avatar\/e1a1039aa8b9eabcae4ac096ddf633a4?s=96&d=mm&r=g","contentUrl":"https:\/\/secure.gravatar.com\/avatar\/e1a1039aa8b9eabcae4ac096ddf633a4?s=96&d=mm&r=g","caption":"Zen App"},"url":"https:\/\/zenwellness.com.br\/blog\/author\/zenapp\/"}]}},"_links":{"self":[{"href":"https:\/\/zenwellness.com.br\/blog\/wp-json\/wp\/v2\/posts\/5283"}],"collection":[{"href":"https:\/\/zenwellness.com.br\/blog\/wp-json\/wp\/v2\/posts"}],"about":[{"href":"https:\/\/zenwellness.com.br\/blog\/wp-json\/wp\/v2\/types\/post"}],"author":[{"embeddable":true,"href":"https:\/\/zenwellness.com.br\/blog\/wp-json\/wp\/v2\/users\/3"}],"replies":[{"embeddable":true,"href":"https:\/\/zenwellness.com.br\/blog\/wp-json\/wp\/v2\/comments?post=5283"}],"version-history":[{"count":1,"href":"https:\/\/zenwellness.com.br\/blog\/wp-json\/wp\/v2\/posts\/5283\/revisions"}],"predecessor-version":[{"id":6463,"href":"https:\/\/zenwellness.com.br\/blog\/wp-json\/wp\/v2\/posts\/5283\/revisions\/6463"}],"wp:featuredmedia":[{"embeddable":true,"href":"https:\/\/zenwellness.com.br\/blog\/wp-json\/wp\/v2\/media\/5295"}],"wp:attachment":[{"href":"https:\/\/zenwellness.com.br\/blog\/wp-json\/wp\/v2\/media?parent=5283"}],"wp:term":[{"taxonomy":"category","embeddable":true,"href":"https:\/\/zenwellness.com.br\/blog\/wp-json\/wp\/v2\/categories?post=5283"},{"taxonomy":"post_tag","embeddable":true,"href":"https:\/\/zenwellness.com.br\/blog\/wp-json\/wp\/v2\/tags?post=5283"}],"curies":[{"name":"wp","href":"https:\/\/api.w.org\/{rel}","templated":true}]}}