{"id":5059,"date":"2016-08-10T11:13:42","date_gmt":"2016-08-10T14:13:42","guid":{"rendered":"https:\/\/zenwellness.com.br\/blog\/?p=5059"},"modified":"2019-02-11T07:32:07","modified_gmt":"2019-02-11T10:32:07","slug":"meditacao-diaria","status":"publish","type":"post","link":"https:\/\/zenwellness.com.br\/blog\/meditacao-diaria\/","title":{"rendered":"Medita\u00e7\u00e3o diaria"},"content":{"rendered":"<div id=\"pageContainer1\" class=\"page\" data-page-number=\"1\">\n<div class=\"textLayer\">\n<div class=\"text-layer-inner\">\n<p class=\"textbox\" dir=\"ltr\">Ol\u00e1, seja bem-vinda a sua medita\u00e7\u00e3o diaria para despertar a autoestima. A autoestima est\u00e1 relacionada ao sentimento que temos por n\u00f3s mesmas, pelo nosso corpo, nossa personalidade, nosso jeito de ser.<\/p>\n<p class=\"textbox\" dir=\"ltr\">\u00c9 muito importante ter uma boa autoestima, mas quando estamos passando por uma situa\u00e7\u00e3o dif\u00edcil, como um adoecimento, a autoestima tende a ficar l\u00e1 em baixo, nos esquecemos da nossa verdadeira beleza e das qualidades que nos fazem \u00fanicas. Fa\u00e7a comigo esta medita\u00e7\u00e3o diaria e desperte a sua autoestima.<\/p>\n<p dir=\"ltr\"><a href=\"https:\/\/app.adjust.com\/9vczf8t\" target=\"_blank\" rel=\"noopener\"><img loading=\"lazy\" class=\"alignnone size-full wp-image-4551\" src=\"https:\/\/zenwellness.com.br\/blog\/wp-content\/uploads\/2018\/06\/player-2.png\" alt=\"\" width=\"810\" height=\"200\" srcset=\"https:\/\/zenwellness.com.br\/blog\/wp-content\/uploads\/2018\/06\/player-2.png 810w, https:\/\/zenwellness.com.br\/blog\/wp-content\/uploads\/2018\/06\/player-2-300x74.png 300w, https:\/\/zenwellness.com.br\/blog\/wp-content\/uploads\/2018\/06\/player-2-768x190.png 768w, https:\/\/zenwellness.com.br\/blog\/wp-content\/uploads\/2018\/06\/player-2-400x99.png 400w, https:\/\/zenwellness.com.br\/blog\/wp-content\/uploads\/2018\/06\/player-2-650x160.png 650w\" sizes=\"(max-width: 810px) 100vw, 810px\" \/><\/a><\/p>\n<p class=\"textbox\" dir=\"ltr\">Sente-se confortavelmente, em uma cadeira, no ch\u00e3o, aonde voc\u00ea se sentir mais confort\u00e1vel.<\/p>\n<p class=\"textbox\" dir=\"ltr\">Repouse suas m\u00e3os sobre os joelhos e feche os olhos. Inspire profundamente e solte o ar, lentamente. Mais uma vez. Sinta o ar entrando e saindo de suas narinas. Inspire, expire.<\/p>\n<p class=\"textbox\" dir=\"ltr\">Isso, perceba seu corpo e sua mente come\u00e7ando a relaxar. N\u00e3o h\u00e1 preocupa\u00e7\u00f5es neste momento, ele \u00e9 s\u00f3 seu, e a \u00fanica coisa a fazer \u00e9 relaxar.<\/p>\n<p class=\"textbox\" dir=\"ltr\">Agora, procure imaginar que a sua frente, voc\u00ea v\u00ea a sua imagem, como se estivesse em frente a um espelho. Voc\u00ea est\u00e1 frente a frente com voc\u00ea mesma. Procure observar esta mulher a sua frente, cada tra\u00e7o do seu rosto, as formas do seu corpo, suas roupas, cada detalhe, como se estivesse se olhando no espelho.<\/p>\n<p class=\"textbox\" dir=\"ltr\">Perceba, que a mulher a sua frente est\u00e1 com um semblante triste. Ela parece estar desanimada, desmotivada. Est\u00e1 sentindo o peso de uma situa\u00e7\u00e3o dif\u00edcil. Neste momento, voc\u00ea est\u00e1 entrando em um contato profundo consigo mesma.<\/p>\n<h2 dir=\"ltr\">Medita\u00e7\u00e3o Diaria para Autoestima<\/h2>\n<p class=\"textbox\" dir=\"ltr\">Perceba que voc\u00ea n\u00e3o quer ver essa mulher triste. Ela merece ser feliz. Ela merece se amar e ser amada. Fale para ela, o seu eu mais profundo, as qualidades que voc\u00ea admira nela. Todos n\u00f3s temos in\u00fameras qualidades, mas raramente paramos para pensar nelas.<\/p>\n<p class=\"textbox\" dir=\"ltr\">Diga, para a mulher a sua frente, que ela \u00e9 valiosa, ela \u00e9 forte, mais forte do que ela imagina. Fale para ela que ela \u00e9 linda, mesmo quando n\u00e3o acredita ser. Ela \u00e9 linda, pois cada tra\u00e7o seu conta sua hist\u00f3ria de for\u00e7a e supera\u00e7\u00e3o.<\/p>\n<p class=\"textbox\" dir=\"ltr\">Perceba que um sorriso come\u00e7a a se abrir no rosto desta mulher. Olhe nos olhos dela e diga que ela \u00e9 uma mulher incr\u00edvel, que consegue enfrentar qualquer desafio, e que vai superar com leveza qualquer obst\u00e1culo. Que ela merece ser feliz, e assim ser\u00e1.\u00a0<\/p>\n<\/div>\n<\/div>\n<\/div>\n<div id=\"pageContainer2\" class=\"page\" data-page-number=\"2\">\n<div class=\"textLayer\">\n<div class=\"text-layer-inner\">\n<p class=\"textbox\" dir=\"ltr\">Imagine, agora, que voc\u00ea d\u00e1 um abra\u00e7o apertado nesta mulher, seu eu mais profundo. Sinta a emo\u00e7\u00e3o deste abra\u00e7o, voc\u00ea est\u00e1 se dando amor e carinho, voc\u00ea est\u00e1 reencontrando o amor por si mesma. Voc\u00ea \u00e9 especial. Voc\u00ea \u00e9 linda. Nunca se esque\u00e7a disso.<\/p>\n<p dir=\"ltr\"><strong>AUTOESTIMA ELEVADA [<a href=\"https:\/\/app.adjust.com\/9vczf8t\" target=\"_blank\" rel=\"noopener\">OUVIR AGORA<\/a>]<\/strong><\/p>\n<p class=\"textbox\" dir=\"ltr\"><a href=\"https:\/\/app.adjust.com\/9vczf8t\" target=\"_blank\" rel=\"noopener\"><img loading=\"lazy\" class=\"alignnone size-full wp-image-5023\" src=\"https:\/\/zenwellness.com.br\/blog\/wp-content\/uploads\/2018\/08\/medita\u00e7\u00e3o-guiada-autoestima-elevada-zen-app-1.png\" alt=\"tela da medita\u00e7\u00e3o guiada autoestima elevada do zen app para melhorar uma vida dif\u00edcil\" width=\"750\" height=\"1334\" srcset=\"https:\/\/zenwellness.com.br\/blog\/wp-content\/uploads\/2018\/08\/medita\u00e7\u00e3o-guiada-autoestima-elevada-zen-app-1.png 750w, https:\/\/zenwellness.com.br\/blog\/wp-content\/uploads\/2018\/08\/medita\u00e7\u00e3o-guiada-autoestima-elevada-zen-app-1-169x300.png 169w, https:\/\/zenwellness.com.br\/blog\/wp-content\/uploads\/2018\/08\/medita\u00e7\u00e3o-guiada-autoestima-elevada-zen-app-1-576x1024.png 576w, https:\/\/zenwellness.com.br\/blog\/wp-content\/uploads\/2018\/08\/medita\u00e7\u00e3o-guiada-autoestima-elevada-zen-app-1-300x534.png 300w, https:\/\/zenwellness.com.br\/blog\/wp-content\/uploads\/2018\/08\/medita\u00e7\u00e3o-guiada-autoestima-elevada-zen-app-1-400x711.png 400w, https:\/\/zenwellness.com.br\/blog\/wp-content\/uploads\/2018\/08\/medita\u00e7\u00e3o-guiada-autoestima-elevada-zen-app-1-650x1156.png 650w\" sizes=\"(max-width: 750px) 100vw, 750px\" \/><\/a><\/p>\n<p class=\"textbox\" dir=\"ltr\">Nesse abra\u00e7o, voc\u00eas duas voltam a ser uma s\u00f3, agora mais inteira, mais feliz, com um sentimento profundo de paz e amor pr\u00f3prio.<\/p>\n<p class=\"textbox\" dir=\"ltr\">Quando estiver pronta, v\u00e1 voltando sua mente para o aqui e agora, respirando profundamente, ouvindo melhor os sons a sua volta, mexendo os dedos das m\u00e3os, dos p\u00e9s, e abrindo os olhos.<\/p>\n<p dir=\"ltr\">Baixe\u00a0<a href=\"https:\/\/app.adjust.com\/9vczf8t\" target=\"_blank\" rel=\"noopener\"><strong>GR\u00c1TIS<\/strong><\/a>\u00a0o Zen para\u00a0<a href=\"https:\/\/app.adjust.com\/9vczf8t\" target=\"_blank\" rel=\"noopener\">iPhone<\/a> ou <a href=\"https:\/\/app.adjust.com\/9vczf8t\" target=\"_blank\" rel=\"noopener\">Android<\/a>.\u00a0Ou\u00e7a as melhores medita\u00e7\u00f5es guiadas separadas por assuntos espec\u00edficos, perfeitas para o que voc\u00ea est\u00e1 precisando.\u00a0<\/p>\n<p dir=\"ltr\">Aproveite para ler: 3 medita\u00e7\u00f5es guiadas para <a href=\"https:\/\/zenwellness.com.br\/blog\/3-meditacoes-guiadas-para-diminuir-a-ansiedade\/\" target=\"_blank\" rel=\"noopener\">diminuir a ansiedade<\/a><\/p>\n<\/div>\n<\/div>\n<\/div>\n","protected":false},"excerpt":{"rendered":"Ol\u00e1, seja bem-vinda a sua medita\u00e7\u00e3o diaria para despertar a autoestima. A autoestima est\u00e1 relacionada ao sentimento que temos por n\u00f3s mesmas, pelo nosso corpo, nossa personalidade, nosso jeito de ser. \u00c9 muito importante ter uma boa autoestima, mas quando estamos passando por uma situa\u00e7\u00e3o dif\u00edcil, como um adoecimento, a autoestima tende a ficar l\u00e1","protected":false},"author":3,"featured_media":5060,"comment_status":"open","ping_status":"open","sticky":false,"template":"","format":"standard","meta":[],"categories":[20],"tags":[165,159],"yoast_head":"<!-- This site is optimized with the Yoast SEO plugin v19.13 - https:\/\/yoast.com\/wordpress\/plugins\/seo\/ -->\n<title>Medita\u00e7\u00e3o diaria<\/title>\n<meta name=\"description\" content=\"Ol\u00e1, seja bem-vinda a sua medita\u00e7\u00e3o diaria para despertar a autoestima\" \/>\n<meta name=\"robots\" content=\"index, follow, max-snippet:-1, max-image-preview:large, max-video-preview:-1\" \/>\n<link rel=\"canonical\" href=\"https:\/\/zenwellness.com.br\/blog\/meditacao-diaria\/\" \/>\n<meta property=\"og:locale\" content=\"pt_BR\" \/>\n<meta property=\"og:type\" content=\"article\" \/>\n<meta property=\"og:title\" content=\"Medita\u00e7\u00e3o diaria\" \/>\n<meta property=\"og:description\" content=\"Ol\u00e1, seja bem-vinda a sua medita\u00e7\u00e3o diaria para despertar a autoestima\" \/>\n<meta property=\"og:url\" content=\"https:\/\/zenwellness.com.br\/blog\/meditacao-diaria\/\" \/>\n<meta property=\"og:site_name\" content=\"Blog Zen\" \/>\n<meta property=\"article:published_time\" content=\"2016-08-10T14:13:42+00:00\" \/>\n<meta property=\"article:modified_time\" content=\"2019-02-11T10:32:07+00:00\" \/>\n<meta property=\"og:image\" content=\"https:\/\/zenwellness.com.br\/blog\/wp-content\/uploads\/2018\/08\/cover.png\" \/>\n\t<meta property=\"og:image:width\" content=\"1000\" \/>\n\t<meta property=\"og:image:height\" content=\"1000\" \/>\n\t<meta property=\"og:image:type\" content=\"image\/png\" \/>\n<meta name=\"author\" content=\"Zen App\" \/>\n<meta name=\"twitter:card\" content=\"summary_large_image\" \/>\n<meta name=\"twitter:label1\" content=\"Escrito por\" \/>\n\t<meta name=\"twitter:data1\" content=\"Zen App\" \/>\n\t<meta name=\"twitter:label2\" content=\"Est. tempo de leitura\" \/>\n\t<meta name=\"twitter:data2\" content=\"3 minutos\" \/>\n<script type=\"application\/ld+json\" class=\"yoast-schema-graph\">{\"@context\":\"https:\/\/schema.org\",\"@graph\":[{\"@type\":\"WebPage\",\"@id\":\"https:\/\/zenwellness.com.br\/blog\/meditacao-diaria\/\",\"url\":\"https:\/\/zenwellness.com.br\/blog\/meditacao-diaria\/\",\"name\":\"Medita\u00e7\u00e3o diaria\",\"isPartOf\":{\"@id\":\"https:\/\/zenwellness.com.br\/blog\/#website\"},\"datePublished\":\"2016-08-10T14:13:42+00:00\",\"dateModified\":\"2019-02-11T10:32:07+00:00\",\"author\":{\"@id\":\"https:\/\/zenwellness.com.br\/blog\/#\/schema\/person\/dc3b6c111f1f8688c7b4c9aaedcf1334\"},\"description\":\"Ol\u00e1, seja bem-vinda a sua medita\u00e7\u00e3o diaria para despertar a autoestima\",\"breadcrumb\":{\"@id\":\"https:\/\/zenwellness.com.br\/blog\/meditacao-diaria\/#breadcrumb\"},\"inLanguage\":\"pt-BR\",\"potentialAction\":[{\"@type\":\"ReadAction\",\"target\":[\"https:\/\/zenwellness.com.br\/blog\/meditacao-diaria\/\"]}]},{\"@type\":\"BreadcrumbList\",\"@id\":\"https:\/\/zenwellness.com.br\/blog\/meditacao-diaria\/#breadcrumb\",\"itemListElement\":[{\"@type\":\"ListItem\",\"position\":1,\"name\":\"In\u00edcio\",\"item\":\"https:\/\/zenwellness.com.br\/blog\/\"},{\"@type\":\"ListItem\",\"position\":2,\"name\":\"Medita\u00e7\u00e3o\",\"item\":\"https:\/\/zenwellness.com.br\/blog\/meditacao\/\"},{\"@type\":\"ListItem\",\"position\":3,\"name\":\"Medita\u00e7\u00e3o diaria\"}]},{\"@type\":\"WebSite\",\"@id\":\"https:\/\/zenwellness.com.br\/blog\/#website\",\"url\":\"https:\/\/zenwellness.com.br\/blog\/\",\"name\":\"Blog Zen\",\"description\":\"\",\"potentialAction\":[{\"@type\":\"SearchAction\",\"target\":{\"@type\":\"EntryPoint\",\"urlTemplate\":\"https:\/\/zenwellness.com.br\/blog\/?s={search_term_string}\"},\"query-input\":\"required name=search_term_string\"}],\"inLanguage\":\"pt-BR\"},{\"@type\":\"Person\",\"@id\":\"https:\/\/zenwellness.com.br\/blog\/#\/schema\/person\/dc3b6c111f1f8688c7b4c9aaedcf1334\",\"name\":\"Zen App\",\"image\":{\"@type\":\"ImageObject\",\"inLanguage\":\"pt-BR\",\"@id\":\"https:\/\/zenwellness.com.br\/blog\/#\/schema\/person\/image\/\",\"url\":\"https:\/\/secure.gravatar.com\/avatar\/e1a1039aa8b9eabcae4ac096ddf633a4?s=96&d=mm&r=g\",\"contentUrl\":\"https:\/\/secure.gravatar.com\/avatar\/e1a1039aa8b9eabcae4ac096ddf633a4?s=96&d=mm&r=g\",\"caption\":\"Zen App\"},\"url\":\"https:\/\/zenwellness.com.br\/blog\/author\/zenapp\/\"}]}<\/script>\n<!-- \/ Yoast SEO plugin. -->","yoast_head_json":{"title":"Medita\u00e7\u00e3o diaria","description":"Ol\u00e1, seja bem-vinda a sua medita\u00e7\u00e3o diaria para despertar a autoestima","robots":{"index":"index","follow":"follow","max-snippet":"max-snippet:-1","max-image-preview":"max-image-preview:large","max-video-preview":"max-video-preview:-1"},"canonical":"https:\/\/zenwellness.com.br\/blog\/meditacao-diaria\/","og_locale":"pt_BR","og_type":"article","og_title":"Medita\u00e7\u00e3o diaria","og_description":"Ol\u00e1, seja bem-vinda a sua medita\u00e7\u00e3o diaria para despertar a autoestima","og_url":"https:\/\/zenwellness.com.br\/blog\/meditacao-diaria\/","og_site_name":"Blog Zen","article_published_time":"2016-08-10T14:13:42+00:00","article_modified_time":"2019-02-11T10:32:07+00:00","og_image":[{"width":1000,"height":1000,"url":"https:\/\/zenwellness.com.br\/blog\/wp-content\/uploads\/2018\/08\/cover.png","type":"image\/png"}],"author":"Zen App","twitter_card":"summary_large_image","twitter_misc":{"Escrito por":"Zen App","Est. tempo de leitura":"3 minutos"},"schema":{"@context":"https:\/\/schema.org","@graph":[{"@type":"WebPage","@id":"https:\/\/zenwellness.com.br\/blog\/meditacao-diaria\/","url":"https:\/\/zenwellness.com.br\/blog\/meditacao-diaria\/","name":"Medita\u00e7\u00e3o diaria","isPartOf":{"@id":"https:\/\/zenwellness.com.br\/blog\/#website"},"datePublished":"2016-08-10T14:13:42+00:00","dateModified":"2019-02-11T10:32:07+00:00","author":{"@id":"https:\/\/zenwellness.com.br\/blog\/#\/schema\/person\/dc3b6c111f1f8688c7b4c9aaedcf1334"},"description":"Ol\u00e1, seja bem-vinda a sua medita\u00e7\u00e3o diaria para despertar a autoestima","breadcrumb":{"@id":"https:\/\/zenwellness.com.br\/blog\/meditacao-diaria\/#breadcrumb"},"inLanguage":"pt-BR","potentialAction":[{"@type":"ReadAction","target":["https:\/\/zenwellness.com.br\/blog\/meditacao-diaria\/"]}]},{"@type":"BreadcrumbList","@id":"https:\/\/zenwellness.com.br\/blog\/meditacao-diaria\/#breadcrumb","itemListElement":[{"@type":"ListItem","position":1,"name":"In\u00edcio","item":"https:\/\/zenwellness.com.br\/blog\/"},{"@type":"ListItem","position":2,"name":"Medita\u00e7\u00e3o","item":"https:\/\/zenwellness.com.br\/blog\/meditacao\/"},{"@type":"ListItem","position":3,"name":"Medita\u00e7\u00e3o diaria"}]},{"@type":"WebSite","@id":"https:\/\/zenwellness.com.br\/blog\/#website","url":"https:\/\/zenwellness.com.br\/blog\/","name":"Blog Zen","description":"","potentialAction":[{"@type":"SearchAction","target":{"@type":"EntryPoint","urlTemplate":"https:\/\/zenwellness.com.br\/blog\/?s={search_term_string}"},"query-input":"required name=search_term_string"}],"inLanguage":"pt-BR"},{"@type":"Person","@id":"https:\/\/zenwellness.com.br\/blog\/#\/schema\/person\/dc3b6c111f1f8688c7b4c9aaedcf1334","name":"Zen App","image":{"@type":"ImageObject","inLanguage":"pt-BR","@id":"https:\/\/zenwellness.com.br\/blog\/#\/schema\/person\/image\/","url":"https:\/\/secure.gravatar.com\/avatar\/e1a1039aa8b9eabcae4ac096ddf633a4?s=96&d=mm&r=g","contentUrl":"https:\/\/secure.gravatar.com\/avatar\/e1a1039aa8b9eabcae4ac096ddf633a4?s=96&d=mm&r=g","caption":"Zen App"},"url":"https:\/\/zenwellness.com.br\/blog\/author\/zenapp\/"}]}},"_links":{"self":[{"href":"https:\/\/zenwellness.com.br\/blog\/wp-json\/wp\/v2\/posts\/5059"}],"collection":[{"href":"https:\/\/zenwellness.com.br\/blog\/wp-json\/wp\/v2\/posts"}],"about":[{"href":"https:\/\/zenwellness.com.br\/blog\/wp-json\/wp\/v2\/types\/post"}],"author":[{"embeddable":true,"href":"https:\/\/zenwellness.com.br\/blog\/wp-json\/wp\/v2\/users\/3"}],"replies":[{"embeddable":true,"href":"https:\/\/zenwellness.com.br\/blog\/wp-json\/wp\/v2\/comments?post=5059"}],"version-history":[{"count":1,"href":"https:\/\/zenwellness.com.br\/blog\/wp-json\/wp\/v2\/posts\/5059\/revisions"}],"predecessor-version":[{"id":6298,"href":"https:\/\/zenwellness.com.br\/blog\/wp-json\/wp\/v2\/posts\/5059\/revisions\/6298"}],"wp:featuredmedia":[{"embeddable":true,"href":"https:\/\/zenwellness.com.br\/blog\/wp-json\/wp\/v2\/media\/5060"}],"wp:attachment":[{"href":"https:\/\/zenwellness.com.br\/blog\/wp-json\/wp\/v2\/media?parent=5059"}],"wp:term":[{"taxonomy":"category","embeddable":true,"href":"https:\/\/zenwellness.com.br\/blog\/wp-json\/wp\/v2\/categories?post=5059"},{"taxonomy":"post_tag","embeddable":true,"href":"https:\/\/zenwellness.com.br\/blog\/wp-json\/wp\/v2\/tags?post=5059"}],"curies":[{"name":"wp","href":"https:\/\/api.w.org\/{rel}","templated":true}]}}