{"id":4266,"date":"2018-05-30T20:18:24","date_gmt":"2018-05-30T23:18:24","guid":{"rendered":"https:\/\/zenwellness.com.br\/blog\/?p=4266"},"modified":"2019-02-11T07:44:51","modified_gmt":"2019-02-11T10:44:51","slug":"6-pensamentos-que-temos-ao-comecar-a-meditar","status":"publish","type":"post","link":"https:\/\/zenwellness.com.br\/blog\/6-pensamentos-que-temos-ao-comecar-a-meditar\/","title":{"rendered":"6 pensamentos que temos ao come\u00e7ar a meditar"},"content":{"rendered":"<p>Que a pr\u00e1tica da medita\u00e7\u00e3o traz in\u00fameros benef\u00edcios para n\u00f3s, todos sabemos. Por\u00e9m, para alguns iniciar a pr\u00e1tica pode parecer desafiador demais.<\/p>\n<p>Se voc\u00ea est\u00e1 iniciando na pr\u00e1tica de medita\u00e7\u00e3o ou j\u00e1 medita a algum tempo, listamos abaixo 6 pensamentos que todo mundo tem ao come\u00e7ar a meditar: \u00a0<\/p>\n<ol>\n<li><strong>Como eu vou saber se a minha mente estar\u00e1 em sil\u00eancio?<\/strong><\/li>\n<\/ol>\n<p>Em muitos lugares a medita\u00e7\u00e3o \u00e9 divulgada como uma forma de silenciar a mente. O que acaba atrapalhando e desmotivando muita gente no in\u00edcio. Acontece que a pr\u00e1tica serve para te ajudar a se manter no presente. Medita\u00e7\u00e3o \u00e9 presen\u00e7a, \u00e9 voc\u00ea estar consciente no agora.<\/p>\n<p>Cada um tem sua maneira de lidar com os pensamentos. Alguns conseguem \u201cobservar\u201d sem se aprofundar neles, outros acabam recitando afirma\u00e7\u00f5es ou se concentrando nos sons da medita\u00e7\u00e3o. E sim, existem aquelas pessoas que conseguem \u201cdesligar\u201d os seus pensamentos, mas n\u00e3o \u00e9 uma regra \u00fanica.<\/p>\n<ol start=\"2\">\n<li><strong>Como algu\u00e9m consegue ficar tanto tempo nessa posi\u00e7\u00e3o?<\/strong><\/li>\n<\/ol>\n<p>No come\u00e7o testamos v\u00e1rias posi\u00e7\u00f5es que vemos em v\u00eddeos e fotos por a\u00ed e acabamos for\u00e7ando o nosso corpo a ficar em uma posi\u00e7\u00e3o que n\u00e3o \u00e9 confort\u00e1vel. O que pode atrapalhar bastante no processo de relaxamento do corpo, por exemplo. <\/p>\n<p> O ideal \u00e9 que voc\u00ea escolha uma posi\u00e7\u00e3o em que fique confort\u00e1vel, pode ser em p\u00e9, sentada, deitada&#8230; \u00a0n\u00e3o se limite a posi\u00e7\u00f5es que podem atrapalhar a sua concentra\u00e7\u00e3o e bem estar. \u00a0<\/p>\n<ol start=\"3\">\n<li><strong>Nossa, parece que eu j\u00e1 estou a um temp\u00e3o aqui.<\/strong><\/li>\n<\/ol>\n<p>A nossa vida acaba sendo t\u00e3o agitada, sempre com muitos afazeres que quando paramos para meditar, os 5 minutos parecem horas. E convenhamos? A sensa\u00e7\u00e3o \u00e9 maravilhosa. Em pouco tempo voc\u00ea se sente mais disposta, feliz e tranquila para continuar a sua rotina.<\/p>\n<p>E o que come\u00e7a com poucos minutos, acaba durando cada vez mais tempo.<\/p>\n<ol start=\"4\">\n<li><strong>Acho que ouvi uma notifica\u00e7\u00e3o do meu celular, deixa eu dar uma conferida.<\/strong><\/li>\n<\/ol>\n<p>Postura confort\u00e1vel, local tranquilo, sabe como lidar com seus pensamentos. Tudo favor\u00e1vel para come\u00e7ar. Voc\u00ea inicia a medita\u00e7\u00e3o e j\u00e1 pode perceber que seu corpo vai relaxando aos poucos, mas est\u00e1 silencioso demais. Quando est\u00e1 quase envolvida, ouve a notifica\u00e7\u00e3o do celular e l\u00e1 se vai seu foco.<\/p>\n<p>Mas tudo bem, voc\u00ea pode tentar novamente&#8230; s\u00f3 que dessa vez com o celular no silencioso.<\/p>\n<ol start=\"5\">\n<li><strong>Ser\u00e1 que eu estou fazendo certo?<\/strong><\/li>\n<\/ol>\n<p>Mesmo que voc\u00ea esteja come\u00e7ando sozinha ou atrav\u00e9s de alguma aula, \u00e9 normal que se questione sobre estar fazendo certo ou n\u00e3o. Acontece que n\u00e3o existe uma f\u00f3rmula exata, assim como a quest\u00e3o de silenciar a mente, voc\u00ea vai descobrindo com o passar dos dias qual \u00e9 a sua maneira de meditar. Como voc\u00ea consegue ter o controle de si e se fazer presente. \u00a0<\/p>\n<ol start=\"6\">\n<li><strong>No que exatamente eu tenho que pensar para meditar?<\/strong><\/li>\n<\/ol>\n<p>No que voc\u00ea quiser! Se voc\u00ea \u00e9 iniciante na medita\u00e7\u00e3o, pode come\u00e7ar com as medita\u00e7\u00f5es guiadas. Elas v\u00e3o te auxiliar indicando como deve ser sua respira\u00e7\u00e3o, no que voc\u00ea pode imaginar. Al\u00e9m de poder escolher medita\u00e7\u00f5es de acordo com a sua necessidade.<\/p>\n<p>Experimente ouvir a medita\u00e7\u00e3o Reencontro Astral que est\u00e1 dispon\u00edvel no <a href=\"https:\/\/app.adjust.com\/ui9sxwf\" target=\"_blank\" rel=\"noopener\">Zen.<\/a><\/p>\n<p><a href=\"https:\/\/app.adjust.com\/ui9sxwf\" target=\"_blank\" rel=\"noopener\"><img loading=\"lazy\" class=\"alignnone size-full wp-image-4268\" src=\"https:\/\/zenwellness.com.br\/blog\/wp-content\/uploads\/2018\/05\/medita\u00e7\u00e3o-guiada-reencontro-astral.png\" alt=\"medita\u00e7\u00e3o guiada reencontro astral zenapp\" width=\"750\" height=\"1334\" srcset=\"https:\/\/zenwellness.com.br\/blog\/wp-content\/uploads\/2018\/05\/medita\u00e7\u00e3o-guiada-reencontro-astral.png 750w, https:\/\/zenwellness.com.br\/blog\/wp-content\/uploads\/2018\/05\/medita\u00e7\u00e3o-guiada-reencontro-astral-169x300.png 169w, https:\/\/zenwellness.com.br\/blog\/wp-content\/uploads\/2018\/05\/medita\u00e7\u00e3o-guiada-reencontro-astral-576x1024.png 576w, https:\/\/zenwellness.com.br\/blog\/wp-content\/uploads\/2018\/05\/medita\u00e7\u00e3o-guiada-reencontro-astral-300x534.png 300w, https:\/\/zenwellness.com.br\/blog\/wp-content\/uploads\/2018\/05\/medita\u00e7\u00e3o-guiada-reencontro-astral-400x711.png 400w, https:\/\/zenwellness.com.br\/blog\/wp-content\/uploads\/2018\/05\/medita\u00e7\u00e3o-guiada-reencontro-astral-650x1156.png 650w\" sizes=\"(max-width: 750px) 100vw, 750px\" \/><\/a><\/p>\n<p>No <a href=\"https:\/\/app.adjust.com\/ui9sxwf\" target=\"_blank\" rel=\"noopener\">Zen<\/a> voc\u00ea descobre v\u00e1rias medita\u00e7\u00f5es guiadas para diversos momentos como: <a href=\"https:\/\/zenwellness.com.br\/blog\/3-praticas-para-acabar-com-a-ansiedade\/\" target=\"_blank\" rel=\"noopener\">aliviar a ansiedade<\/a>, <a href=\"https:\/\/zenwellness.com.br\/blog\/3-meditacoes-guiadas-para-reduzir-o-estresse\/\" target=\"_blank\" rel=\"noopener\">acabar com o estresse<\/a>, <a href=\"https:\/\/zenwellness.com.br\/blog\/meditacoes-que-sao-como-remedio-para-a-insonia\/\" target=\"_blank\" rel=\"noopener\">vencer a ins\u00f4nia<\/a> e muito mais!<\/p>\n<p><a href=\"https:\/\/app.adjust.com\/ui9sxwf\" target=\"_blank\" rel=\"noopener\">Baixe agora<\/a> mesmo, o Zen est\u00e1 dispon\u00edvel para<a href=\"https:\/\/app.adjust.com\/ui9sxwf\" target=\"_blank\" rel=\"noopener\"> Iphone e Android<\/a>.<\/p>\n<p>Aproveite para ler:<a href=\"http:\/\/www.julianagoes.com.br\/vontade-de-nada-como-vencer-o-cansaco\/\" target=\"_blank\" rel=\"noopener\"> Vontade de nada? Como vencer o cansa\u00e7o<\/a>, da co fundadora do Zen, Juliana Goes.\u00a0<\/p>\n","protected":false},"excerpt":{"rendered":"Que a pr\u00e1tica da medita\u00e7\u00e3o traz in\u00fameros benef\u00edcios para n\u00f3s, todos sabemos. Por\u00e9m, para alguns iniciar a pr\u00e1tica pode parecer desafiador demais. Se voc\u00ea est\u00e1 iniciando na pr\u00e1tica de medita\u00e7\u00e3o ou j\u00e1 medita a algum tempo, listamos abaixo 6 pensamentos que todo mundo tem ao come\u00e7ar a meditar: \u00a0 Como eu vou saber se a","protected":false},"author":3,"featured_media":4267,"comment_status":"open","ping_status":"open","sticky":false,"template":"","format":"standard","meta":[],"categories":[20],"tags":[303,165,209,301,159],"yoast_head":"<!-- This site is optimized with the Yoast SEO plugin v19.13 - https:\/\/yoast.com\/wordpress\/plugins\/seo\/ -->\n<title>06 Pensamentos Que Temos Ao Come\u00e7ar A Meditar<\/title>\n<meta name=\"description\" content=\"Separamos 06 pensamentos muito comuns daqueles que est\u00e3o come\u00e7ando a praticar a medita\u00e7\u00e3o. Voc\u00ea j\u00e1 pensou em algo assim? Leia e descubra!\" \/>\n<meta name=\"robots\" content=\"index, follow, max-snippet:-1, max-image-preview:large, max-video-preview:-1\" \/>\n<link rel=\"canonical\" href=\"https:\/\/zenwellness.com.br\/blog\/6-pensamentos-que-temos-ao-comecar-a-meditar\/\" \/>\n<meta property=\"og:locale\" content=\"pt_BR\" \/>\n<meta property=\"og:type\" content=\"article\" \/>\n<meta property=\"og:title\" content=\"06 Pensamentos Que Temos Ao Come\u00e7ar A Meditar\" \/>\n<meta property=\"og:description\" content=\"Separamos 06 pensamentos muito comuns daqueles que est\u00e3o come\u00e7ando a praticar a medita\u00e7\u00e3o. Voc\u00ea j\u00e1 pensou em algo assim? Leia e descubra!\" \/>\n<meta property=\"og:url\" content=\"https:\/\/zenwellness.com.br\/blog\/6-pensamentos-que-temos-ao-comecar-a-meditar\/\" \/>\n<meta property=\"og:site_name\" content=\"Blog Zen\" \/>\n<meta property=\"article:published_time\" content=\"2018-05-30T23:18:24+00:00\" \/>\n<meta property=\"article:modified_time\" content=\"2019-02-11T10:44:51+00:00\" \/>\n<meta property=\"og:image\" content=\"https:\/\/zenwellness.com.br\/blog\/wp-content\/uploads\/2018\/05\/6-pensamentos-que-temos-ao-come\u00e7ar-a-meditar.jpg\" \/>\n\t<meta property=\"og:image:width\" content=\"5184\" \/>\n\t<meta property=\"og:image:height\" content=\"3456\" \/>\n\t<meta property=\"og:image:type\" content=\"image\/jpeg\" \/>\n<meta name=\"author\" content=\"Zen App\" \/>\n<meta name=\"twitter:card\" content=\"summary_large_image\" \/>\n<meta name=\"twitter:label1\" content=\"Escrito por\" \/>\n\t<meta name=\"twitter:data1\" content=\"Zen App\" \/>\n\t<meta name=\"twitter:label2\" content=\"Est. tempo de leitura\" \/>\n\t<meta name=\"twitter:data2\" content=\"3 minutos\" \/>\n<script type=\"application\/ld+json\" class=\"yoast-schema-graph\">{\"@context\":\"https:\/\/schema.org\",\"@graph\":[{\"@type\":\"WebPage\",\"@id\":\"https:\/\/zenwellness.com.br\/blog\/6-pensamentos-que-temos-ao-comecar-a-meditar\/\",\"url\":\"https:\/\/zenwellness.com.br\/blog\/6-pensamentos-que-temos-ao-comecar-a-meditar\/\",\"name\":\"06 Pensamentos Que Temos Ao Come\u00e7ar A Meditar\",\"isPartOf\":{\"@id\":\"https:\/\/zenwellness.com.br\/blog\/#website\"},\"datePublished\":\"2018-05-30T23:18:24+00:00\",\"dateModified\":\"2019-02-11T10:44:51+00:00\",\"author\":{\"@id\":\"https:\/\/zenwellness.com.br\/blog\/#\/schema\/person\/dc3b6c111f1f8688c7b4c9aaedcf1334\"},\"description\":\"Separamos 06 pensamentos muito comuns daqueles que est\u00e3o come\u00e7ando a praticar a medita\u00e7\u00e3o. Voc\u00ea j\u00e1 pensou em algo assim? Leia e descubra!\",\"breadcrumb\":{\"@id\":\"https:\/\/zenwellness.com.br\/blog\/6-pensamentos-que-temos-ao-comecar-a-meditar\/#breadcrumb\"},\"inLanguage\":\"pt-BR\",\"potentialAction\":[{\"@type\":\"ReadAction\",\"target\":[\"https:\/\/zenwellness.com.br\/blog\/6-pensamentos-que-temos-ao-comecar-a-meditar\/\"]}]},{\"@type\":\"BreadcrumbList\",\"@id\":\"https:\/\/zenwellness.com.br\/blog\/6-pensamentos-que-temos-ao-comecar-a-meditar\/#breadcrumb\",\"itemListElement\":[{\"@type\":\"ListItem\",\"position\":1,\"name\":\"In\u00edcio\",\"item\":\"https:\/\/zenwellness.com.br\/blog\/\"},{\"@type\":\"ListItem\",\"position\":2,\"name\":\"Medita\u00e7\u00e3o\",\"item\":\"https:\/\/zenwellness.com.br\/blog\/meditacao\/\"},{\"@type\":\"ListItem\",\"position\":3,\"name\":\"6 pensamentos que temos ao come\u00e7ar a meditar\"}]},{\"@type\":\"WebSite\",\"@id\":\"https:\/\/zenwellness.com.br\/blog\/#website\",\"url\":\"https:\/\/zenwellness.com.br\/blog\/\",\"name\":\"Blog Zen\",\"description\":\"\",\"potentialAction\":[{\"@type\":\"SearchAction\",\"target\":{\"@type\":\"EntryPoint\",\"urlTemplate\":\"https:\/\/zenwellness.com.br\/blog\/?s={search_term_string}\"},\"query-input\":\"required name=search_term_string\"}],\"inLanguage\":\"pt-BR\"},{\"@type\":\"Person\",\"@id\":\"https:\/\/zenwellness.com.br\/blog\/#\/schema\/person\/dc3b6c111f1f8688c7b4c9aaedcf1334\",\"name\":\"Zen App\",\"image\":{\"@type\":\"ImageObject\",\"inLanguage\":\"pt-BR\",\"@id\":\"https:\/\/zenwellness.com.br\/blog\/#\/schema\/person\/image\/\",\"url\":\"https:\/\/secure.gravatar.com\/avatar\/e1a1039aa8b9eabcae4ac096ddf633a4?s=96&d=mm&r=g\",\"contentUrl\":\"https:\/\/secure.gravatar.com\/avatar\/e1a1039aa8b9eabcae4ac096ddf633a4?s=96&d=mm&r=g\",\"caption\":\"Zen App\"},\"url\":\"https:\/\/zenwellness.com.br\/blog\/author\/zenapp\/\"}]}<\/script>\n<!-- \/ Yoast SEO plugin. -->","yoast_head_json":{"title":"06 Pensamentos Que Temos Ao Come\u00e7ar A Meditar","description":"Separamos 06 pensamentos muito comuns daqueles que est\u00e3o come\u00e7ando a praticar a medita\u00e7\u00e3o. Voc\u00ea j\u00e1 pensou em algo assim? Leia e descubra!","robots":{"index":"index","follow":"follow","max-snippet":"max-snippet:-1","max-image-preview":"max-image-preview:large","max-video-preview":"max-video-preview:-1"},"canonical":"https:\/\/zenwellness.com.br\/blog\/6-pensamentos-que-temos-ao-comecar-a-meditar\/","og_locale":"pt_BR","og_type":"article","og_title":"06 Pensamentos Que Temos Ao Come\u00e7ar A Meditar","og_description":"Separamos 06 pensamentos muito comuns daqueles que est\u00e3o come\u00e7ando a praticar a medita\u00e7\u00e3o. Voc\u00ea j\u00e1 pensou em algo assim? Leia e descubra!","og_url":"https:\/\/zenwellness.com.br\/blog\/6-pensamentos-que-temos-ao-comecar-a-meditar\/","og_site_name":"Blog Zen","article_published_time":"2018-05-30T23:18:24+00:00","article_modified_time":"2019-02-11T10:44:51+00:00","og_image":[{"width":5184,"height":3456,"url":"https:\/\/zenwellness.com.br\/blog\/wp-content\/uploads\/2018\/05\/6-pensamentos-que-temos-ao-come\u00e7ar-a-meditar.jpg","type":"image\/jpeg"}],"author":"Zen App","twitter_card":"summary_large_image","twitter_misc":{"Escrito por":"Zen App","Est. tempo de leitura":"3 minutos"},"schema":{"@context":"https:\/\/schema.org","@graph":[{"@type":"WebPage","@id":"https:\/\/zenwellness.com.br\/blog\/6-pensamentos-que-temos-ao-comecar-a-meditar\/","url":"https:\/\/zenwellness.com.br\/blog\/6-pensamentos-que-temos-ao-comecar-a-meditar\/","name":"06 Pensamentos Que Temos Ao Come\u00e7ar A Meditar","isPartOf":{"@id":"https:\/\/zenwellness.com.br\/blog\/#website"},"datePublished":"2018-05-30T23:18:24+00:00","dateModified":"2019-02-11T10:44:51+00:00","author":{"@id":"https:\/\/zenwellness.com.br\/blog\/#\/schema\/person\/dc3b6c111f1f8688c7b4c9aaedcf1334"},"description":"Separamos 06 pensamentos muito comuns daqueles que est\u00e3o come\u00e7ando a praticar a medita\u00e7\u00e3o. Voc\u00ea j\u00e1 pensou em algo assim? Leia e descubra!","breadcrumb":{"@id":"https:\/\/zenwellness.com.br\/blog\/6-pensamentos-que-temos-ao-comecar-a-meditar\/#breadcrumb"},"inLanguage":"pt-BR","potentialAction":[{"@type":"ReadAction","target":["https:\/\/zenwellness.com.br\/blog\/6-pensamentos-que-temos-ao-comecar-a-meditar\/"]}]},{"@type":"BreadcrumbList","@id":"https:\/\/zenwellness.com.br\/blog\/6-pensamentos-que-temos-ao-comecar-a-meditar\/#breadcrumb","itemListElement":[{"@type":"ListItem","position":1,"name":"In\u00edcio","item":"https:\/\/zenwellness.com.br\/blog\/"},{"@type":"ListItem","position":2,"name":"Medita\u00e7\u00e3o","item":"https:\/\/zenwellness.com.br\/blog\/meditacao\/"},{"@type":"ListItem","position":3,"name":"6 pensamentos que temos ao come\u00e7ar a meditar"}]},{"@type":"WebSite","@id":"https:\/\/zenwellness.com.br\/blog\/#website","url":"https:\/\/zenwellness.com.br\/blog\/","name":"Blog Zen","description":"","potentialAction":[{"@type":"SearchAction","target":{"@type":"EntryPoint","urlTemplate":"https:\/\/zenwellness.com.br\/blog\/?s={search_term_string}"},"query-input":"required name=search_term_string"}],"inLanguage":"pt-BR"},{"@type":"Person","@id":"https:\/\/zenwellness.com.br\/blog\/#\/schema\/person\/dc3b6c111f1f8688c7b4c9aaedcf1334","name":"Zen App","image":{"@type":"ImageObject","inLanguage":"pt-BR","@id":"https:\/\/zenwellness.com.br\/blog\/#\/schema\/person\/image\/","url":"https:\/\/secure.gravatar.com\/avatar\/e1a1039aa8b9eabcae4ac096ddf633a4?s=96&d=mm&r=g","contentUrl":"https:\/\/secure.gravatar.com\/avatar\/e1a1039aa8b9eabcae4ac096ddf633a4?s=96&d=mm&r=g","caption":"Zen App"},"url":"https:\/\/zenwellness.com.br\/blog\/author\/zenapp\/"}]}},"_links":{"self":[{"href":"https:\/\/zenwellness.com.br\/blog\/wp-json\/wp\/v2\/posts\/4266"}],"collection":[{"href":"https:\/\/zenwellness.com.br\/blog\/wp-json\/wp\/v2\/posts"}],"about":[{"href":"https:\/\/zenwellness.com.br\/blog\/wp-json\/wp\/v2\/types\/post"}],"author":[{"embeddable":true,"href":"https:\/\/zenwellness.com.br\/blog\/wp-json\/wp\/v2\/users\/3"}],"replies":[{"embeddable":true,"href":"https:\/\/zenwellness.com.br\/blog\/wp-json\/wp\/v2\/comments?post=4266"}],"version-history":[{"count":1,"href":"https:\/\/zenwellness.com.br\/blog\/wp-json\/wp\/v2\/posts\/4266\/revisions"}],"predecessor-version":[{"id":6348,"href":"https:\/\/zenwellness.com.br\/blog\/wp-json\/wp\/v2\/posts\/4266\/revisions\/6348"}],"wp:featuredmedia":[{"embeddable":true,"href":"https:\/\/zenwellness.com.br\/blog\/wp-json\/wp\/v2\/media\/4267"}],"wp:attachment":[{"href":"https:\/\/zenwellness.com.br\/blog\/wp-json\/wp\/v2\/media?parent=4266"}],"wp:term":[{"taxonomy":"category","embeddable":true,"href":"https:\/\/zenwellness.com.br\/blog\/wp-json\/wp\/v2\/categories?post=4266"},{"taxonomy":"post_tag","embeddable":true,"href":"https:\/\/zenwellness.com.br\/blog\/wp-json\/wp\/v2\/tags?post=4266"}],"curies":[{"name":"wp","href":"https:\/\/api.w.org\/{rel}","templated":true}]}}