{"id":4196,"date":"2018-05-18T17:12:16","date_gmt":"2018-05-18T20:12:16","guid":{"rendered":"https:\/\/zenwellness.com.br\/blog\/?p=4196"},"modified":"2019-02-11T07:47:01","modified_gmt":"2019-02-11T10:47:01","slug":"3-praticas-para-acabar-com-a-ansiedade","status":"publish","type":"post","link":"https:\/\/zenwellness.com.br\/blog\/3-praticas-para-acabar-com-a-ansiedade\/","title":{"rendered":"3 pr\u00e1ticas para acabar com a ansiedade"},"content":{"rendered":"<p>Diante de uma crise de ansiedade, procuramos desesperadamente por algo que nos acalme. Confira agora 3 pr\u00e1ticas para acabar com a ansiedade e aplique elas no seu dia a dia.<\/p>\n<p>Pensamentos a todo vapor, preocupa\u00e7\u00e3o com os afazeres do pr\u00f3ximo dia, <a href=\"https:\/\/zenwellness.com.br\/blog\/4-fatores-do-dia-a-dia-que-geram-insonia-evite\/\" target=\"_blank\" rel=\"noopener\">ins\u00f4nia<\/a>, sentimento de que as tarefas n\u00e3o v\u00e3o acabar nunca. Toda essa correria e turbilh\u00e3o de sensa\u00e7\u00f5es acabam se transformando em mais uma <a href=\"https:\/\/zenwellness.com.br\/blog\/3-meditacoes-guiadas-para-aliviar-a-ansiedade\/\" target=\"_blank\" rel=\"noopener\">crise de ansiedade<\/a>. Sabia que \u00e9 poss\u00edvel reverter essa situa\u00e7\u00e3o?<\/p>\n<p>Confira as nossas 3 dicas de pr\u00e1ticas para acabar com a ansiedade e que v\u00e3o transformar a sua vida.<\/p>\n<p><strong>1.\u00a0OBSERVE A SUA RESPIRA\u00c7\u00c3O\u00a0<\/strong><\/p>\n<p>Respirar \u00e9 algo t\u00e3o natural, que acabamos muitas vezes nem prestando aten\u00e7\u00e3o na nossa respira\u00e7\u00e3o. O comportamento do nosso corpo est\u00e1 atrelado \u00e0 nossa respira\u00e7\u00e3o, em uma mat\u00e9ria divulgada pelo <a href=\"https:\/\/www.nytimes.com\/2016\/11\/09\/well\/mind\/breathe-exhale-repeat-the-benefits-of-controlled-breathing.html\" target=\"_blank\" rel=\"noopener\">New York Times<\/a>, m\u00e9dicos comentam sobre os benef\u00edcios de respirar corretamente. Pois muitos de n\u00f3s n\u00e3o respiramos de maneira adequada, mas agora voc\u00ea pode aprender e praticar no seu dia a dia algumas t\u00e9cnicas de respira\u00e7\u00e3o.<\/p>\n<p>Experimente ouvir agora o <a href=\"https:\/\/app.adjust.com\/1ytowrg\" target=\"_blank\" rel=\"noopener\">Smavritti Pranayama<\/a>, que \u00e9 uma t\u00e9cnica de respira\u00e7\u00e3o quadrada. \u00c9 uma t\u00e9cnica cl\u00e1ssica que vai te ajudar a lidar melhor com os momentos de ansiedade. <\/p>\n<p> Voc\u00ea deve estar se perguntando agora: respirar quadrado, como assim?\u00a0 Isso voc\u00ea s\u00f3 vai saber quando ouvir o <a href=\"https:\/\/app.adjust.com\/1ytowrg\" target=\"_blank\" rel=\"noopener\">Smavritti Pranayama<\/a>. Depois me conte o que achou e quais foram as sensa\u00e7\u00f5es percebidas pelo seu corpo.<\/p>\n<p><a href=\"https:\/\/app.adjust.com\/1ytowrg\" target=\"_blank\" rel=\"noopener\"><img loading=\"lazy\" class=\"alignnone wp-image-4198 size-full\" src=\"https:\/\/zenwellness.com.br\/blog\/wp-content\/uploads\/2018\/05\/medita\u00e7\u00e3o-guiada-smavritti-pranayama.png\" alt=\"medita\u00e7\u00e3o guiada para acabar com a ansiedade Smavritti Pranayama do ZenApp\" width=\"750\" height=\"1334\" srcset=\"https:\/\/zenwellness.com.br\/blog\/wp-content\/uploads\/2018\/05\/medita\u00e7\u00e3o-guiada-smavritti-pranayama.png 750w, https:\/\/zenwellness.com.br\/blog\/wp-content\/uploads\/2018\/05\/medita\u00e7\u00e3o-guiada-smavritti-pranayama-169x300.png 169w, https:\/\/zenwellness.com.br\/blog\/wp-content\/uploads\/2018\/05\/medita\u00e7\u00e3o-guiada-smavritti-pranayama-576x1024.png 576w, https:\/\/zenwellness.com.br\/blog\/wp-content\/uploads\/2018\/05\/medita\u00e7\u00e3o-guiada-smavritti-pranayama-300x534.png 300w, https:\/\/zenwellness.com.br\/blog\/wp-content\/uploads\/2018\/05\/medita\u00e7\u00e3o-guiada-smavritti-pranayama-400x711.png 400w, https:\/\/zenwellness.com.br\/blog\/wp-content\/uploads\/2018\/05\/medita\u00e7\u00e3o-guiada-smavritti-pranayama-650x1156.png 650w\" sizes=\"(max-width: 750px) 100vw, 750px\" \/><\/a><\/p>\n<p><strong>2. VIVA UM DIA DE CADA VEZ<\/strong><\/p>\n<p>Um dos motivos de uma vida ansiosa \u00e9 a preocupa\u00e7\u00e3o excessiva com o que ainda n\u00e3o aconteceu e as vezes nem chega a acontecer. Nossos pensamentos ficam conturbados, as emo\u00e7\u00f5es come\u00e7am a sair do controle tudo isso reflete no que fazemos.\u00a0A medita\u00e7\u00e3o guiada\u00a0<a href=\"https:\/\/app.adjust.com\/1ytowrg\" target=\"_blank\" rel=\"noopener\">Aten\u00e7\u00e3o no Agora<\/a>, vai fazer voc\u00ea se sentir presente no aqui e agora.\u00a0<\/p>\n<p><a href=\"https:\/\/app.adjust.com\/1ytowrg\" target=\"_blank\" rel=\"noopener\"><\/p>\n<p> <\/a><a href=\"https:\/\/app.adjust.com\/1ytowrg\" target=\"_blank\" rel=\"noopener\"><img loading=\"lazy\" class=\"alignnone wp-image-4199 size-full\" src=\"https:\/\/zenwellness.com.br\/blog\/wp-content\/uploads\/2018\/05\/medita\u00e7\u00e3o-guiada-aten\u00e7\u00e3o-no-agora.png\" alt=\"medita\u00e7\u00e3o guiada aten\u00e7\u00e3o no agora para acabar com a ansiedade Zen App\" width=\"750\" height=\"1334\" srcset=\"https:\/\/zenwellness.com.br\/blog\/wp-content\/uploads\/2018\/05\/medita\u00e7\u00e3o-guiada-aten\u00e7\u00e3o-no-agora.png 750w, https:\/\/zenwellness.com.br\/blog\/wp-content\/uploads\/2018\/05\/medita\u00e7\u00e3o-guiada-aten\u00e7\u00e3o-no-agora-169x300.png 169w, https:\/\/zenwellness.com.br\/blog\/wp-content\/uploads\/2018\/05\/medita\u00e7\u00e3o-guiada-aten\u00e7\u00e3o-no-agora-576x1024.png 576w, https:\/\/zenwellness.com.br\/blog\/wp-content\/uploads\/2018\/05\/medita\u00e7\u00e3o-guiada-aten\u00e7\u00e3o-no-agora-300x534.png 300w, https:\/\/zenwellness.com.br\/blog\/wp-content\/uploads\/2018\/05\/medita\u00e7\u00e3o-guiada-aten\u00e7\u00e3o-no-agora-400x711.png 400w, https:\/\/zenwellness.com.br\/blog\/wp-content\/uploads\/2018\/05\/medita\u00e7\u00e3o-guiada-aten\u00e7\u00e3o-no-agora-650x1156.png 650w\" sizes=\"(max-width: 750px) 100vw, 750px\" \/><\/a>Viva o agora e n\u00e3o deixe que as preocupa\u00e7\u00f5es e os pensamentos confusos atrapalhem a sua vida. Desfrute de um dia de cada vez e note as mudan\u00e7as que acontecer\u00e3o na sua vida.<\/p>\n<p> <strong>3. OU\u00c7A MEDITA\u00c7\u00d5ES GUIADAS<\/p>\n<p> <\/strong>Sim, a pr\u00e1tica da medita\u00e7\u00e3o vai fazer com que voc\u00ea tenha uma vida tranquila e cada vez menos ansiosa. As medita\u00e7\u00f5es guiadas para ansiedade do <a href=\"https:\/\/app.adjust.com\/1ytowrg\" target=\"_blank\" rel=\"noopener\">Zen<\/a> foram produzidas exclusivamente para esses momentos.<\/p>\n<p> <a href=\"https:\/\/app.adjust.com\/1ytowrg\" target=\"_blank\" rel=\"noopener\"><\/p>\n<p> <\/a><a href=\"https:\/\/app.adjust.com\/1ytowrg\" target=\"_blank\" rel=\"noopener\"><img loading=\"lazy\" class=\"alignnone wp-image-4200 size-full\" src=\"https:\/\/zenwellness.com.br\/blog\/wp-content\/uploads\/2018\/05\/medita\u00e7\u00e3o-guiada-acalmando-a-ansiedade.png\" alt=\"medita\u00e7\u00e3o guiada acalmando a ansiedade Zen App\" width=\"750\" height=\"1334\" srcset=\"https:\/\/zenwellness.com.br\/blog\/wp-content\/uploads\/2018\/05\/medita\u00e7\u00e3o-guiada-acalmando-a-ansiedade.png 750w, https:\/\/zenwellness.com.br\/blog\/wp-content\/uploads\/2018\/05\/medita\u00e7\u00e3o-guiada-acalmando-a-ansiedade-169x300.png 169w, https:\/\/zenwellness.com.br\/blog\/wp-content\/uploads\/2018\/05\/medita\u00e7\u00e3o-guiada-acalmando-a-ansiedade-576x1024.png 576w, https:\/\/zenwellness.com.br\/blog\/wp-content\/uploads\/2018\/05\/medita\u00e7\u00e3o-guiada-acalmando-a-ansiedade-300x534.png 300w, https:\/\/zenwellness.com.br\/blog\/wp-content\/uploads\/2018\/05\/medita\u00e7\u00e3o-guiada-acalmando-a-ansiedade-400x711.png 400w, https:\/\/zenwellness.com.br\/blog\/wp-content\/uploads\/2018\/05\/medita\u00e7\u00e3o-guiada-acalmando-a-ansiedade-650x1156.png 650w\" sizes=\"(max-width: 750px) 100vw, 750px\" \/><\/a>S\u00e3o mais do que simples medita\u00e7\u00f5es para te acalmar, elas atuam tamb\u00e9m como uma cura para aqueles momentos em que voc\u00ea sente que n\u00e3o consegue retomar o controle de si. Te incentivando a buscar cada vez mais uma vida de paz e equil\u00edbrio.\u00a0<\/p>\n<p> Aproveite para <a href=\"https:\/\/app.adjust.com\/1ytowrg\" target=\"_blank\" rel=\"noopener\">baixar o Zen<\/a> e ouvir a medita\u00e7\u00e3o <a href=\"https:\/\/app.adjust.com\/1ytowrg\" target=\"_blank\" rel=\"noopener\">Acalmando a Ansiedade<\/a>.<\/p>\n<p> Confira tamb\u00e9m: <a href=\"https:\/\/zenwellness.com.br\/blog\/saiba-qual-e-o-ambiente-ideal-para-sua-meditacao\/\" target=\"_blank\" rel=\"noopener\">Saiba qual \u00e9 o ambiente ideal para sua medita\u00e7\u00e3o.<\/a><\/p>\n<p>&nbsp;<\/p>\n<p>&nbsp;<\/p>\n","protected":false},"excerpt":{"rendered":"Diante de uma crise de ansiedade, procuramos desesperadamente por algo que nos acalme. Confira agora 3 pr\u00e1ticas para acabar com a ansiedade e aplique elas no seu dia a dia. Pensamentos a todo vapor, preocupa\u00e7\u00e3o com os afazeres do pr\u00f3ximo dia, ins\u00f4nia, sentimento de que as tarefas n\u00e3o v\u00e3o acabar nunca. Toda essa correria e","protected":false},"author":3,"featured_media":4211,"comment_status":"open","ping_status":"open","sticky":false,"template":"","format":"standard","meta":[],"categories":[84],"tags":[163,161,165,159],"yoast_head":"<!-- This site is optimized with the Yoast SEO plugin v19.13 - https:\/\/yoast.com\/wordpress\/plugins\/seo\/ -->\n<title>03 Pr\u00e1ticas Para Acabar Com A Ansiedade<\/title>\n<meta name=\"description\" content=\"Separamos 03 pr\u00e1ticas que ajudar\u00e3o voc\u00ea a combater a ansiedade nos seus dias. Aplique-as todos os dias e sinta a diferen\u00e7a.\" \/>\n<meta name=\"robots\" content=\"index, follow, max-snippet:-1, max-image-preview:large, max-video-preview:-1\" \/>\n<link rel=\"canonical\" href=\"https:\/\/zenwellness.com.br\/blog\/3-praticas-para-acabar-com-a-ansiedade\/\" \/>\n<meta property=\"og:locale\" content=\"pt_BR\" \/>\n<meta property=\"og:type\" content=\"article\" \/>\n<meta property=\"og:title\" content=\"03 Pr\u00e1ticas Para Acabar Com A Ansiedade\" \/>\n<meta property=\"og:description\" content=\"Separamos 03 pr\u00e1ticas que ajudar\u00e3o voc\u00ea a combater a ansiedade nos seus dias. Aplique-as todos os dias e sinta a diferen\u00e7a.\" \/>\n<meta property=\"og:url\" content=\"https:\/\/zenwellness.com.br\/blog\/3-praticas-para-acabar-com-a-ansiedade\/\" \/>\n<meta property=\"og:site_name\" content=\"Blog Zen\" \/>\n<meta property=\"article:published_time\" content=\"2018-05-18T20:12:16+00:00\" \/>\n<meta property=\"article:modified_time\" content=\"2019-02-11T10:47:01+00:00\" \/>\n<meta property=\"og:image\" content=\"https:\/\/zenwellness.com.br\/blog\/wp-content\/uploads\/2018\/05\/3-praticas-que-sao-como-a-cura-para-ansiedade.jpg\" \/>\n\t<meta property=\"og:image:width\" content=\"5472\" \/>\n\t<meta property=\"og:image:height\" content=\"3148\" \/>\n\t<meta property=\"og:image:type\" content=\"image\/jpeg\" \/>\n<meta name=\"author\" content=\"Zen App\" \/>\n<meta name=\"twitter:card\" content=\"summary_large_image\" \/>\n<meta name=\"twitter:label1\" content=\"Escrito por\" \/>\n\t<meta name=\"twitter:data1\" content=\"Zen App\" \/>\n\t<meta name=\"twitter:label2\" content=\"Est. tempo de leitura\" \/>\n\t<meta name=\"twitter:data2\" content=\"2 minutos\" \/>\n<script type=\"application\/ld+json\" class=\"yoast-schema-graph\">{\"@context\":\"https:\/\/schema.org\",\"@graph\":[{\"@type\":\"WebPage\",\"@id\":\"https:\/\/zenwellness.com.br\/blog\/3-praticas-para-acabar-com-a-ansiedade\/\",\"url\":\"https:\/\/zenwellness.com.br\/blog\/3-praticas-para-acabar-com-a-ansiedade\/\",\"name\":\"03 Pr\u00e1ticas Para Acabar Com A Ansiedade\",\"isPartOf\":{\"@id\":\"https:\/\/zenwellness.com.br\/blog\/#website\"},\"datePublished\":\"2018-05-18T20:12:16+00:00\",\"dateModified\":\"2019-02-11T10:47:01+00:00\",\"author\":{\"@id\":\"https:\/\/zenwellness.com.br\/blog\/#\/schema\/person\/dc3b6c111f1f8688c7b4c9aaedcf1334\"},\"description\":\"Separamos 03 pr\u00e1ticas que ajudar\u00e3o voc\u00ea a combater a ansiedade nos seus dias. Aplique-as todos os dias e sinta a diferen\u00e7a.\",\"breadcrumb\":{\"@id\":\"https:\/\/zenwellness.com.br\/blog\/3-praticas-para-acabar-com-a-ansiedade\/#breadcrumb\"},\"inLanguage\":\"pt-BR\",\"potentialAction\":[{\"@type\":\"ReadAction\",\"target\":[\"https:\/\/zenwellness.com.br\/blog\/3-praticas-para-acabar-com-a-ansiedade\/\"]}]},{\"@type\":\"BreadcrumbList\",\"@id\":\"https:\/\/zenwellness.com.br\/blog\/3-praticas-para-acabar-com-a-ansiedade\/#breadcrumb\",\"itemListElement\":[{\"@type\":\"ListItem\",\"position\":1,\"name\":\"In\u00edcio\",\"item\":\"https:\/\/zenwellness.com.br\/blog\/\"},{\"@type\":\"ListItem\",\"position\":2,\"name\":\"Ansiedade\",\"item\":\"https:\/\/zenwellness.com.br\/blog\/ansiedade\/\"},{\"@type\":\"ListItem\",\"position\":3,\"name\":\"3 pr\u00e1ticas para acabar com a ansiedade\"}]},{\"@type\":\"WebSite\",\"@id\":\"https:\/\/zenwellness.com.br\/blog\/#website\",\"url\":\"https:\/\/zenwellness.com.br\/blog\/\",\"name\":\"Blog Zen\",\"description\":\"\",\"potentialAction\":[{\"@type\":\"SearchAction\",\"target\":{\"@type\":\"EntryPoint\",\"urlTemplate\":\"https:\/\/zenwellness.com.br\/blog\/?s={search_term_string}\"},\"query-input\":\"required name=search_term_string\"}],\"inLanguage\":\"pt-BR\"},{\"@type\":\"Person\",\"@id\":\"https:\/\/zenwellness.com.br\/blog\/#\/schema\/person\/dc3b6c111f1f8688c7b4c9aaedcf1334\",\"name\":\"Zen App\",\"image\":{\"@type\":\"ImageObject\",\"inLanguage\":\"pt-BR\",\"@id\":\"https:\/\/zenwellness.com.br\/blog\/#\/schema\/person\/image\/\",\"url\":\"https:\/\/secure.gravatar.com\/avatar\/e1a1039aa8b9eabcae4ac096ddf633a4?s=96&d=mm&r=g\",\"contentUrl\":\"https:\/\/secure.gravatar.com\/avatar\/e1a1039aa8b9eabcae4ac096ddf633a4?s=96&d=mm&r=g\",\"caption\":\"Zen App\"},\"url\":\"https:\/\/zenwellness.com.br\/blog\/author\/zenapp\/\"}]}<\/script>\n<!-- \/ Yoast SEO plugin. -->","yoast_head_json":{"title":"03 Pr\u00e1ticas Para Acabar Com A Ansiedade","description":"Separamos 03 pr\u00e1ticas que ajudar\u00e3o voc\u00ea a combater a ansiedade nos seus dias. Aplique-as todos os dias e sinta a diferen\u00e7a.","robots":{"index":"index","follow":"follow","max-snippet":"max-snippet:-1","max-image-preview":"max-image-preview:large","max-video-preview":"max-video-preview:-1"},"canonical":"https:\/\/zenwellness.com.br\/blog\/3-praticas-para-acabar-com-a-ansiedade\/","og_locale":"pt_BR","og_type":"article","og_title":"03 Pr\u00e1ticas Para Acabar Com A Ansiedade","og_description":"Separamos 03 pr\u00e1ticas que ajudar\u00e3o voc\u00ea a combater a ansiedade nos seus dias. Aplique-as todos os dias e sinta a diferen\u00e7a.","og_url":"https:\/\/zenwellness.com.br\/blog\/3-praticas-para-acabar-com-a-ansiedade\/","og_site_name":"Blog Zen","article_published_time":"2018-05-18T20:12:16+00:00","article_modified_time":"2019-02-11T10:47:01+00:00","og_image":[{"width":5472,"height":3148,"url":"https:\/\/zenwellness.com.br\/blog\/wp-content\/uploads\/2018\/05\/3-praticas-que-sao-como-a-cura-para-ansiedade.jpg","type":"image\/jpeg"}],"author":"Zen App","twitter_card":"summary_large_image","twitter_misc":{"Escrito por":"Zen App","Est. tempo de leitura":"2 minutos"},"schema":{"@context":"https:\/\/schema.org","@graph":[{"@type":"WebPage","@id":"https:\/\/zenwellness.com.br\/blog\/3-praticas-para-acabar-com-a-ansiedade\/","url":"https:\/\/zenwellness.com.br\/blog\/3-praticas-para-acabar-com-a-ansiedade\/","name":"03 Pr\u00e1ticas Para Acabar Com A Ansiedade","isPartOf":{"@id":"https:\/\/zenwellness.com.br\/blog\/#website"},"datePublished":"2018-05-18T20:12:16+00:00","dateModified":"2019-02-11T10:47:01+00:00","author":{"@id":"https:\/\/zenwellness.com.br\/blog\/#\/schema\/person\/dc3b6c111f1f8688c7b4c9aaedcf1334"},"description":"Separamos 03 pr\u00e1ticas que ajudar\u00e3o voc\u00ea a combater a ansiedade nos seus dias. Aplique-as todos os dias e sinta a diferen\u00e7a.","breadcrumb":{"@id":"https:\/\/zenwellness.com.br\/blog\/3-praticas-para-acabar-com-a-ansiedade\/#breadcrumb"},"inLanguage":"pt-BR","potentialAction":[{"@type":"ReadAction","target":["https:\/\/zenwellness.com.br\/blog\/3-praticas-para-acabar-com-a-ansiedade\/"]}]},{"@type":"BreadcrumbList","@id":"https:\/\/zenwellness.com.br\/blog\/3-praticas-para-acabar-com-a-ansiedade\/#breadcrumb","itemListElement":[{"@type":"ListItem","position":1,"name":"In\u00edcio","item":"https:\/\/zenwellness.com.br\/blog\/"},{"@type":"ListItem","position":2,"name":"Ansiedade","item":"https:\/\/zenwellness.com.br\/blog\/ansiedade\/"},{"@type":"ListItem","position":3,"name":"3 pr\u00e1ticas para acabar com a ansiedade"}]},{"@type":"WebSite","@id":"https:\/\/zenwellness.com.br\/blog\/#website","url":"https:\/\/zenwellness.com.br\/blog\/","name":"Blog Zen","description":"","potentialAction":[{"@type":"SearchAction","target":{"@type":"EntryPoint","urlTemplate":"https:\/\/zenwellness.com.br\/blog\/?s={search_term_string}"},"query-input":"required name=search_term_string"}],"inLanguage":"pt-BR"},{"@type":"Person","@id":"https:\/\/zenwellness.com.br\/blog\/#\/schema\/person\/dc3b6c111f1f8688c7b4c9aaedcf1334","name":"Zen App","image":{"@type":"ImageObject","inLanguage":"pt-BR","@id":"https:\/\/zenwellness.com.br\/blog\/#\/schema\/person\/image\/","url":"https:\/\/secure.gravatar.com\/avatar\/e1a1039aa8b9eabcae4ac096ddf633a4?s=96&d=mm&r=g","contentUrl":"https:\/\/secure.gravatar.com\/avatar\/e1a1039aa8b9eabcae4ac096ddf633a4?s=96&d=mm&r=g","caption":"Zen App"},"url":"https:\/\/zenwellness.com.br\/blog\/author\/zenapp\/"}]}},"_links":{"self":[{"href":"https:\/\/zenwellness.com.br\/blog\/wp-json\/wp\/v2\/posts\/4196"}],"collection":[{"href":"https:\/\/zenwellness.com.br\/blog\/wp-json\/wp\/v2\/posts"}],"about":[{"href":"https:\/\/zenwellness.com.br\/blog\/wp-json\/wp\/v2\/types\/post"}],"author":[{"embeddable":true,"href":"https:\/\/zenwellness.com.br\/blog\/wp-json\/wp\/v2\/users\/3"}],"replies":[{"embeddable":true,"href":"https:\/\/zenwellness.com.br\/blog\/wp-json\/wp\/v2\/comments?post=4196"}],"version-history":[{"count":1,"href":"https:\/\/zenwellness.com.br\/blog\/wp-json\/wp\/v2\/posts\/4196\/revisions"}],"predecessor-version":[{"id":6357,"href":"https:\/\/zenwellness.com.br\/blog\/wp-json\/wp\/v2\/posts\/4196\/revisions\/6357"}],"wp:featuredmedia":[{"embeddable":true,"href":"https:\/\/zenwellness.com.br\/blog\/wp-json\/wp\/v2\/media\/4211"}],"wp:attachment":[{"href":"https:\/\/zenwellness.com.br\/blog\/wp-json\/wp\/v2\/media?parent=4196"}],"wp:term":[{"taxonomy":"category","embeddable":true,"href":"https:\/\/zenwellness.com.br\/blog\/wp-json\/wp\/v2\/categories?post=4196"},{"taxonomy":"post_tag","embeddable":true,"href":"https:\/\/zenwellness.com.br\/blog\/wp-json\/wp\/v2\/tags?post=4196"}],"curies":[{"name":"wp","href":"https:\/\/api.w.org\/{rel}","templated":true}]}}