{"id":4045,"date":"2018-04-24T11:31:41","date_gmt":"2018-04-24T14:31:41","guid":{"rendered":"https:\/\/zenwellness.com.br\/blog\/o-que-sao-os-chakras-e-quais-sao-eles\/"},"modified":"2020-05-18T16:22:41","modified_gmt":"2020-05-18T19:22:41","slug":"o-que-sao-os-chakras-e-quais-sao-eles","status":"publish","type":"post","link":"https:\/\/zenwellness.com.br\/blog\/o-que-sao-os-chakras-e-quais-sao-eles\/","title":{"rendered":"O que s\u00e3o os chakras e quais s\u00e3o eles?"},"content":{"rendered":"<p>Se voc\u00ea deseja compreender seu organismo em um n\u00edvel que vai al\u00e9m do \u00e2mbito f\u00edsico, o conhecimento aprofundado dos chakras pode ajudar. Trata-se de um conceito\u00a0bastante usado no reiki, na radiestesia e nas terapias integrativas, e que permite adquirir entendimentos que v\u00e3o desde a manuten\u00e7\u00e3o da sa\u00fade at\u00e9 a influ\u00eancia de\u00a0energias vitais do universo em cada pessoa, individualmente.<\/p>\n<p>Para explicar melhor\u00a0o que s\u00e3o chakras, preparamos este texto com a ajuda da terapeuta\u00a0Amanda Schultz, que \u00e9 <a href=\"https:\/\/www.youtube.com\/channel\/UCemzvJ4hg_-MIwpSBtfHAkw\" target=\"_blank\" rel=\"noopener noreferrer\">youtuber<\/a> e produtora do <a href=\"https:\/\/zenwellness.com.br\/blog\/conheca-agora-6-beneficios-do-aplicativo-zen\/\" target=\"_blank\" rel=\"noopener noreferrer\">aplicativo do Zen<\/a>.\u00a0Quer se aprofundar\u00a0no assunto? Continue a leitura!<\/p>\n<h2>O que s\u00e3o chakras?<\/h2>\n<p>A palavra chakra\u00a0vem\u00a0do s\u00e2nscrito (a l\u00edngua do <a href=\"https:\/\/zenwellness.com.br\/blog\/conheca-5-tipos-de-ioga-e-suas-caracteristicas\/\" target=\"_blank\" rel=\"noopener noreferrer\">yoga<\/a>), e pode ser usada para denotar roda, centro\u00a0ou disco. Na pr\u00e1tica, tratam-se de v\u00f3rtices de energia distribu\u00eddos pela cabe\u00e7a e pelo tronco humanos.<\/p>\n<p>De acordo com Amanda, esses pontos s\u00e3o &#8220;centros de energia no corpo, cada um com caracter\u00edsticas e fun\u00e7\u00f5es espec\u00edficas. \u00c9\u00a0por meio deles que efetuamos as trocas energ\u00e9ticas com o mundo exterior, com\u00a0outras\u00a0pessoas, com os ambientes, com as plantas&#8221; e assim por diante.<\/p>\n<p>Embora n\u00e3o seja poss\u00edvel enxerg\u00e1-los, eles\u00a0est\u00e3o em constante movimento\u00a0e cada um deles\u00a0manifesta uma cor diferente. Eles tamb\u00e9m atuam como centros de comando das principais fun\u00e7\u00f5es do organismo e, do ponto de vista espiritual, permitem desenvolver dons e virtudes.<\/p>\n<div>\n<h2>Quais s\u00e3o os chakras?<\/h2>\n<p>Apesar de existirem diversos pontos de energia no corpo, eles podem ser divididos em sete centros principais. Veja, a seguir, quais\u00a0<a href=\"https:\/\/www.youtube.com\/watch?v=J1Xzm4K3lNk\" target=\"_blank\" rel=\"noopener noreferrer\">s\u00e3o eles<\/a>!<\/p>\n<h3>Chakra b\u00e1sico (M\u00fal\u00e1dh\u00e1ra)<\/h3>\n<p>Est\u00e1 localizado na base da coluna vertebral, um pouco acima dos \u00f3rg\u00e3os genitais. Relaciona-se diretamente com as gl\u00e2ndulas suprarrenais (respons\u00e1veis\u00a0pela libera\u00e7\u00e3o da adrenalina na corrente sangu\u00ednea) e, por isso, \u00e9 associado \u00e0 vitalidade e a vontade de viver.<\/p>\n<p>\u00d3rg\u00e3os que rege:\u00a0espinha, aparelhos reprodutores, membros inferiores e\u00a0rins.<\/p>\n<p>Cor: vermelho.<\/p>\n<h3>Chakra sacro (Sw\u00e1dhisth\u00e1na)<\/h3>\n<p>Encontra-se 3 ou 4cm\u00a0abaixo do umbigo. Em seu aspecto emocional, est\u00e1 relacionado \u00e0 energia sexual, \u00e0\u00a0<a href=\"https:\/\/zenwellness.com.br\/blog\/23-afirmacoes-positivas-para-elevar-sua-autoestima\/\" target=\"_blank\" rel=\"noopener noreferrer\">autoestima<\/a> e \u00e0 criatividade. Tamb\u00e9m estimula\u00a0a mediunidade e o amor pela natureza.<\/p>\n<p>\u00d3rg\u00e3os que rege: ba\u00e7o e\u00a0sistema reprodutivo. \u00c9, ainda, estimulante da circula\u00e7\u00e3o sangu\u00ednea, do metabolismo do c\u00e1lcio, da tireoide e dos horm\u00f4nios.<\/p>\n<p>Cor: laranja.<\/p>\n<h3>Chakra do plexo solar (Manipura)<\/h3>\n<p>Fica logo acima do umbigo, onde est\u00e1\u00a0o centro do poder pessoal, do ego, da energia emocional e da for\u00e7a de vontade. Quando bem equilibrado, esse chakra fornece determina\u00e7\u00e3o, motiva\u00e7\u00e3o e autoconfian\u00e7a.<\/p>\n<p>\u00d3rg\u00e3os que rege:\u00a0f\u00edgado, sistema nervoso, ves\u00edcula biliar e sistema digestivo.<\/p>\n<p>Cor: amarelo.<\/p>\n<h3>Chakra card\u00edaco (An\u00e1hata)<\/h3>\n<p>Localizado no centro do peito, esse chakra representa o amor incondicional,\u00a0a express\u00e3o dos sentimentos e a toler\u00e2ncia. Al\u00e9m disso, \u00e9 um ponto essencial para a energiza\u00e7\u00e3o do sistema cardiorrespirat\u00f3rio.\u00a0Pessoas\u00a0emocionalmente inst\u00e1veis, que sentem um vazio interior ou <a href=\"http:\/\/blog.app-zen.com\/como-evitar-a-depressao-5-habitos-que-ajudam-a-prevenir-a-doenca\/\" target=\"_blank\" rel=\"noopener noreferrer\">sofrem de depress\u00e3o<\/a>, geralmente apresentam\u00a0bloqueios nesse chakra.<\/p>\n<p>\u00d3rg\u00e3os que rege:\u00a0cora\u00e7\u00e3o, timo, pulm\u00f5es e sistema circulat\u00f3rio.<\/p>\n<p>Cor: verde.<\/p>\n<h3>Chakra lar\u00edngeo (Vishuddha)<\/h3>\n<p>Voc\u00ea j\u00e1 ouviu falar de pessoas que literalmente emudecem\u00a0em momentos de press\u00e3o intensa?\u00a0Isso acontece porque um simples susto pode fechar o chakra lar\u00edngeo e levar \u00e0 perda tempor\u00e1ria da voz.\u00a0O chakra da garganta\u00a0\u00e9 respons\u00e1vel pela express\u00e3o, pela verbaliza\u00e7\u00e3o e pela comunica\u00e7\u00e3o. Tamb\u00e9m favorece\u00a0o metabolismo de todo o corpo.<\/p>\n<p>\u00d3rg\u00e3os que rege: pulm\u00f5es,\u00a0cordas vocais, tireoide, garganta, boca, nariz e ouvidos.<\/p>\n<p>Cor:\u00a0azul celeste.<\/p>\n<h3>Chakra frontal (\u00c1j\u00f1a)<\/h3>\n<p>Tamb\u00e9m chamado de\u00a0chakra\u00a0do terceiro olho, esse centro de energia\u00a0est\u00e1 localizado entre os olhos, no meio da testa. Est\u00e1 ligado \u00e0 hip\u00f3fise\u00a0e, por isso, responde pela capacidade de aprendizagem, pela mem\u00f3ria, pela concentra\u00e7\u00e3o, pela imagina\u00e7\u00e3o e at\u00e9 mesmo pela intui\u00e7\u00e3o.<\/p>\n<p>\u00d3rg\u00e3os que rege: olhos, ouvidos, nariz,\u00a0sistema nervoso e gl\u00e2ndula pituit\u00e1ria.<\/p>\n<p>Cor:\u00a0azul \u00edndigo.<\/p>\n<h3>Chakra coron\u00e1rio (Sah\u00e1srara)<\/h3>\n<p>O chakra coron\u00e1rio (ou chakra da coroa) tem esse nome por estar localizado no alto da cabe\u00e7a e representar uma conex\u00e3o com for\u00e7as superiores. \u00c9 respons\u00e1vel por proporcionar sabedoria e inspira\u00e7\u00e3o. Portanto, bloquear as energias desse centro energ\u00e9tico pode ocasionar fobias, <a href=\"https:\/\/zenwellness.com.br\/blog\/saiba-o-que-fazer-para-controlar-a-sua-ansiedade-no-trabalho\/\" target=\"_blank\" rel=\"noopener noreferrer\">ansiedade<\/a>, des\u00e2nimo\u00a0e desconex\u00e3o espiritual.<\/p>\n<p>\u00d3rg\u00e3os que rege: gl\u00e2ndula pineal e parte superior do c\u00e9rebro.<\/p>\n<p>Cor: violeta.<\/p>\n<p>Quando um chakra\u00a0recebe\u00a0energia em excesso (ou quando h\u00e1 a falta dela), todas as fun\u00e7\u00f5es f\u00edsicas, ps\u00edquicas e energ\u00e9ticas que est\u00e3o sob seu dom\u00ednio se desequilibram. Isso\u00a0ocasiona\u00a0doen\u00e7as, perturba\u00e7\u00f5es emocionais, preju\u00edzo aos relacionamentos e outras dificuldades.<\/p>\n<p>Um desequil\u00edbrio no\u00a0chakra base, por exemplo, pode\u00a0provocar\u00a0des\u00e2nimo, medo de viver e impot\u00eancia sexual. Ci\u00fames exagerados ou baixa autoestima indicam obstru\u00e7\u00f5es\u00a0no chakra sacro. Enjoos estomacais sem motivo aparente podem ser uma mensagem do\u00a0plexo solar para\u00a0alertar sobre energias pesadas\u00a0no ambiente. E por a\u00ed vai.<\/p>\n<h2>Como equilibrar os chakras?<\/h2>\n<p><a href=\"http:\/\/blog.app-zen.com\/como-equilibrar-os-chakras-5-formas-vitais-para-alcancar-a-plenitude\/\">Equilibrar os chakras<\/a> \u00e9 balancear\u00a0as energias do\u00a0corpo. Quando eles est\u00e3o em harmonia, &#8220;nossa sa\u00fade se mant\u00e9m\u00a0perfeita, nosso <a href=\"https:\/\/zenwellness.com.br\/blog\/o-que-fazer-para-conseguir-equilibrio-emocional-na-vida-pessoal\/\" target=\"_blank\" rel=\"noopener noreferrer\">estado emocional \u00e9 equilibrado<\/a> e tranquilo, nossa mente \u00e9 serena\u00a0e\u00a0nossas trocas energ\u00e9ticas, ou seja, nossa rela\u00e7\u00e3o com as pessoas e com o mundo, fluem\u00a0em harmonia&#8221;, explica Amanda. \u00c9 por isso que pessoas verdadeiramente felizes raramente adoecem.<\/p>\n<p>Segundo a terapeuta, existem in\u00fameras t\u00e9cnicas que auxiliam na harmoniza\u00e7\u00e3o e no alinhamento dos chakras. Confira quais s\u00e3o as principais delas a seguir!<\/p>\n<h3>Atividades f\u00edsicas<\/h3>\n<p>Como a energia, <a href=\"https:\/\/zenwellness.com.br\/blog\/3-maneiras-de-obter-corpo-e-mente-sa\/\" target=\"_blank\" rel=\"noopener noreferrer\">o corpo e a mente est\u00e3o interligados<\/a>, as atividades que contribuem para\u00a0a vida saud\u00e1vel (como pilates,\u00a0<a href=\"https:\/\/zenwellness.com.br\/blog\/descubra-os-beneficios-da-yoga-no-seu-dia-a-dia\/\" target=\"_blank\" rel=\"noopener noreferrer\">yoga<\/a>,\u00a0dan\u00e7a, gin\u00e1stica, nata\u00e7\u00e3o, corrida e outras) tamb\u00e9m favorecem\u00a0a harmonia dos chakras. Isso acontece\u00a0principalmente quando a\u00a0pr\u00e1tica regular de <a href=\"https:\/\/zenwellness.com.br\/blog\/4-exercicios-que-ajudam-a-relaxar-e-ter-uma-vida-saudavel\/\" target=\"_blank\" rel=\"noopener noreferrer\">exerc\u00edcios f\u00edsicos<\/a>\u00a0est\u00e1\u00a0aliada a uma\u00a0boa alimenta\u00e7\u00e3o.<\/p>\n<h3>Terapias hol\u00edsticas<\/h3>\n<p>Algumas\u00a0pr\u00e1ticas terap\u00eauticas, como o reiki, a cromoterapia, a\u00a0<a href=\"https:\/\/zenwellness.com.br\/blog\/conheca-a-aromaterapia-e-seus-beneficios-para-voce\/\" target=\"_blank\" rel=\"noopener noreferrer\">aromaterapia<\/a>, o uso de cristais\u00a0e outras, usam\u00a0t\u00e9cnicas que promovem o\u00a0alinhamento dos chakras\u00a0por meio da ativa\u00e7\u00e3o e do equil\u00edbrio de focos de energia.<\/p>\n<h3>Medita\u00e7\u00e3o<\/h3>\n<p>A\u00a0pr\u00e1tica regular da <a href=\"https:\/\/zenwellness.com.br\/blog\/meditacao-guiada-o-que-e-como-praticar-e-mais\/\" target=\"_blank\" rel=\"noopener noreferrer\">medita\u00e7\u00e3o<\/a> \u00e9 uma das ferramentas mais acess\u00edveis e poderosas para o alinhamento dos\u00a0pontos\u00a0de energia. Ela\u00a0atua diretamente nos aspectos emocional e energ\u00e9tico do corpo, o que promove\u00a0um centramento interior.<\/p>\n<p>Por meio de \u00e1udios\u00a0dispon\u00edveis no <a href=\"https:\/\/app.adjust.com\/11oukh2\" target=\"_blank\" rel=\"noopener noreferrer\">aplicativo Zen<\/a> \u00e9 poss\u00edvel aprender t\u00e9cnicas de visualiza\u00e7\u00e3o e eleva\u00e7\u00e3o energ\u00e9tica. Essas t\u00e1ticas\u00a0prometem acalmar a mente e controlar o funcionamento de cada chakra separadamente, para que atue em harmonia com os demais.<\/p>\n<p>Por fim, Amanda ressalta que outras pr\u00e1ticas, como o\u00a0contato com a natureza, a manuten\u00e7\u00e3o de um foco positivo na mente e a nutri\u00e7\u00e3o de\u00a0rela\u00e7\u00f5es harmoniosas com as pessoas, tamb\u00e9m s\u00e3o indispens\u00e1veis para um bom equil\u00edbrio energ\u00e9tico e mental.<\/p>\n<p>Agora que voc\u00ea j\u00e1 sabe o que s\u00e3o chakras e como mant\u00ea-los alinhados, que tal conhecer as medita\u00e7\u00f5es do Zen para ter uma vida mais leve? <a href=\"https:\/\/app.adjust.com\/11oukh2\" target=\"_blank\" rel=\"noopener noreferrer\">Baixe o aplicativo<\/a>\u00a0e aproveite o teste gratuito por sete dias!<\/p>\n<\/div>\n","protected":false},"excerpt":{"rendered":"Se voc\u00ea deseja compreender seu organismo em um n\u00edvel que vai al\u00e9m do \u00e2mbito f\u00edsico, o conhecimento aprofundado dos chakras pode ajudar. Trata-se de um conceito\u00a0bastante usado no reiki, na radiestesia e nas terapias integrativas, e que permite adquirir entendimentos que v\u00e3o desde a manuten\u00e7\u00e3o da sa\u00fade at\u00e9 a influ\u00eancia de\u00a0energias vitais do universo em","protected":false},"author":3,"featured_media":4046,"comment_status":"open","ping_status":"open","sticky":false,"template":"","format":"standard","meta":[],"categories":[22],"tags":[169,66,159],"yoast_head":"<!-- This site is optimized with the Yoast SEO plugin v19.13 - https:\/\/yoast.com\/wordpress\/plugins\/seo\/ -->\n<title>O Que S\u00e3o Chakras E Quais S\u00e3o Eles?<\/title>\n<meta name=\"description\" content=\"Para explicar melhor o que s\u00e3o chakras, preparamos este texto com a ajuda da terapeuta Amanda Schultz, youtuber e produtora do aplicativo do Zen. Leia agora!\" \/>\n<meta name=\"robots\" content=\"index, follow, max-snippet:-1, max-image-preview:large, max-video-preview:-1\" \/>\n<link rel=\"canonical\" href=\"https:\/\/zenwellness.com.br\/blog\/o-que-sao-os-chakras-e-quais-sao-eles\/\" \/>\n<meta property=\"og:locale\" content=\"pt_BR\" \/>\n<meta property=\"og:type\" content=\"article\" \/>\n<meta property=\"og:title\" content=\"O Que S\u00e3o Chakras E Quais S\u00e3o Eles?\" \/>\n<meta property=\"og:description\" content=\"Para explicar melhor o que s\u00e3o chakras, preparamos este texto com a ajuda da terapeuta Amanda Schultz, youtuber e produtora do aplicativo do Zen. Leia agora!\" \/>\n<meta property=\"og:url\" content=\"https:\/\/zenwellness.com.br\/blog\/o-que-sao-os-chakras-e-quais-sao-eles\/\" \/>\n<meta property=\"og:site_name\" content=\"Blog Zen\" \/>\n<meta property=\"article:published_time\" content=\"2018-04-24T14:31:41+00:00\" \/>\n<meta property=\"article:modified_time\" content=\"2020-05-18T19:22:41+00:00\" \/>\n<meta property=\"og:image\" content=\"https:\/\/zenwellness.com.br\/blog\/wp-content\/uploads\/2018\/04\/191240-o-que-sao-os-chakras-e-quais-sao-eles.jpg\" \/>\n\t<meta property=\"og:image:width\" content=\"1000\" \/>\n\t<meta property=\"og:image:height\" content=\"667\" \/>\n\t<meta property=\"og:image:type\" content=\"image\/jpeg\" \/>\n<meta name=\"author\" content=\"Zen App\" \/>\n<meta name=\"twitter:card\" content=\"summary_large_image\" \/>\n<meta name=\"twitter:label1\" content=\"Escrito por\" \/>\n\t<meta name=\"twitter:data1\" content=\"Zen App\" \/>\n\t<meta name=\"twitter:label2\" content=\"Est. tempo de leitura\" \/>\n\t<meta name=\"twitter:data2\" content=\"6 minutos\" \/>\n<script type=\"application\/ld+json\" class=\"yoast-schema-graph\">{\"@context\":\"https:\/\/schema.org\",\"@graph\":[{\"@type\":\"WebPage\",\"@id\":\"https:\/\/zenwellness.com.br\/blog\/o-que-sao-os-chakras-e-quais-sao-eles\/\",\"url\":\"https:\/\/zenwellness.com.br\/blog\/o-que-sao-os-chakras-e-quais-sao-eles\/\",\"name\":\"O Que S\u00e3o Chakras E Quais S\u00e3o Eles?\",\"isPartOf\":{\"@id\":\"https:\/\/zenwellness.com.br\/blog\/#website\"},\"datePublished\":\"2018-04-24T14:31:41+00:00\",\"dateModified\":\"2020-05-18T19:22:41+00:00\",\"author\":{\"@id\":\"https:\/\/zenwellness.com.br\/blog\/#\/schema\/person\/dc3b6c111f1f8688c7b4c9aaedcf1334\"},\"description\":\"Para explicar melhor o que s\u00e3o chakras, preparamos este texto com a ajuda da terapeuta Amanda Schultz, youtuber e produtora do aplicativo do Zen. Leia agora!\",\"breadcrumb\":{\"@id\":\"https:\/\/zenwellness.com.br\/blog\/o-que-sao-os-chakras-e-quais-sao-eles\/#breadcrumb\"},\"inLanguage\":\"pt-BR\",\"potentialAction\":[{\"@type\":\"ReadAction\",\"target\":[\"https:\/\/zenwellness.com.br\/blog\/o-que-sao-os-chakras-e-quais-sao-eles\/\"]}]},{\"@type\":\"BreadcrumbList\",\"@id\":\"https:\/\/zenwellness.com.br\/blog\/o-que-sao-os-chakras-e-quais-sao-eles\/#breadcrumb\",\"itemListElement\":[{\"@type\":\"ListItem\",\"position\":1,\"name\":\"In\u00edcio\",\"item\":\"https:\/\/zenwellness.com.br\/blog\/\"},{\"@type\":\"ListItem\",\"position\":2,\"name\":\"Equil\u00edbrio Emocional\",\"item\":\"https:\/\/zenwellness.com.br\/blog\/equilibrio-emocional\/\"},{\"@type\":\"ListItem\",\"position\":3,\"name\":\"O que s\u00e3o os chakras e quais s\u00e3o eles?\"}]},{\"@type\":\"WebSite\",\"@id\":\"https:\/\/zenwellness.com.br\/blog\/#website\",\"url\":\"https:\/\/zenwellness.com.br\/blog\/\",\"name\":\"Blog Zen\",\"description\":\"\",\"potentialAction\":[{\"@type\":\"SearchAction\",\"target\":{\"@type\":\"EntryPoint\",\"urlTemplate\":\"https:\/\/zenwellness.com.br\/blog\/?s={search_term_string}\"},\"query-input\":\"required name=search_term_string\"}],\"inLanguage\":\"pt-BR\"},{\"@type\":\"Person\",\"@id\":\"https:\/\/zenwellness.com.br\/blog\/#\/schema\/person\/dc3b6c111f1f8688c7b4c9aaedcf1334\",\"name\":\"Zen App\",\"image\":{\"@type\":\"ImageObject\",\"inLanguage\":\"pt-BR\",\"@id\":\"https:\/\/zenwellness.com.br\/blog\/#\/schema\/person\/image\/\",\"url\":\"https:\/\/secure.gravatar.com\/avatar\/e1a1039aa8b9eabcae4ac096ddf633a4?s=96&d=mm&r=g\",\"contentUrl\":\"https:\/\/secure.gravatar.com\/avatar\/e1a1039aa8b9eabcae4ac096ddf633a4?s=96&d=mm&r=g\",\"caption\":\"Zen App\"},\"url\":\"https:\/\/zenwellness.com.br\/blog\/author\/zenapp\/\"}]}<\/script>\n<!-- \/ Yoast SEO plugin. -->","yoast_head_json":{"title":"O Que S\u00e3o Chakras E Quais S\u00e3o Eles?","description":"Para explicar melhor o que s\u00e3o chakras, preparamos este texto com a ajuda da terapeuta Amanda Schultz, youtuber e produtora do aplicativo do Zen. Leia agora!","robots":{"index":"index","follow":"follow","max-snippet":"max-snippet:-1","max-image-preview":"max-image-preview:large","max-video-preview":"max-video-preview:-1"},"canonical":"https:\/\/zenwellness.com.br\/blog\/o-que-sao-os-chakras-e-quais-sao-eles\/","og_locale":"pt_BR","og_type":"article","og_title":"O Que S\u00e3o Chakras E Quais S\u00e3o Eles?","og_description":"Para explicar melhor o que s\u00e3o chakras, preparamos este texto com a ajuda da terapeuta Amanda Schultz, youtuber e produtora do aplicativo do Zen. Leia agora!","og_url":"https:\/\/zenwellness.com.br\/blog\/o-que-sao-os-chakras-e-quais-sao-eles\/","og_site_name":"Blog Zen","article_published_time":"2018-04-24T14:31:41+00:00","article_modified_time":"2020-05-18T19:22:41+00:00","og_image":[{"width":1000,"height":667,"url":"https:\/\/zenwellness.com.br\/blog\/wp-content\/uploads\/2018\/04\/191240-o-que-sao-os-chakras-e-quais-sao-eles.jpg","type":"image\/jpeg"}],"author":"Zen App","twitter_card":"summary_large_image","twitter_misc":{"Escrito por":"Zen App","Est. tempo de leitura":"6 minutos"},"schema":{"@context":"https:\/\/schema.org","@graph":[{"@type":"WebPage","@id":"https:\/\/zenwellness.com.br\/blog\/o-que-sao-os-chakras-e-quais-sao-eles\/","url":"https:\/\/zenwellness.com.br\/blog\/o-que-sao-os-chakras-e-quais-sao-eles\/","name":"O Que S\u00e3o Chakras E Quais S\u00e3o Eles?","isPartOf":{"@id":"https:\/\/zenwellness.com.br\/blog\/#website"},"datePublished":"2018-04-24T14:31:41+00:00","dateModified":"2020-05-18T19:22:41+00:00","author":{"@id":"https:\/\/zenwellness.com.br\/blog\/#\/schema\/person\/dc3b6c111f1f8688c7b4c9aaedcf1334"},"description":"Para explicar melhor o que s\u00e3o chakras, preparamos este texto com a ajuda da terapeuta Amanda Schultz, youtuber e produtora do aplicativo do Zen. Leia agora!","breadcrumb":{"@id":"https:\/\/zenwellness.com.br\/blog\/o-que-sao-os-chakras-e-quais-sao-eles\/#breadcrumb"},"inLanguage":"pt-BR","potentialAction":[{"@type":"ReadAction","target":["https:\/\/zenwellness.com.br\/blog\/o-que-sao-os-chakras-e-quais-sao-eles\/"]}]},{"@type":"BreadcrumbList","@id":"https:\/\/zenwellness.com.br\/blog\/o-que-sao-os-chakras-e-quais-sao-eles\/#breadcrumb","itemListElement":[{"@type":"ListItem","position":1,"name":"In\u00edcio","item":"https:\/\/zenwellness.com.br\/blog\/"},{"@type":"ListItem","position":2,"name":"Equil\u00edbrio Emocional","item":"https:\/\/zenwellness.com.br\/blog\/equilibrio-emocional\/"},{"@type":"ListItem","position":3,"name":"O que s\u00e3o os chakras e quais s\u00e3o eles?"}]},{"@type":"WebSite","@id":"https:\/\/zenwellness.com.br\/blog\/#website","url":"https:\/\/zenwellness.com.br\/blog\/","name":"Blog Zen","description":"","potentialAction":[{"@type":"SearchAction","target":{"@type":"EntryPoint","urlTemplate":"https:\/\/zenwellness.com.br\/blog\/?s={search_term_string}"},"query-input":"required name=search_term_string"}],"inLanguage":"pt-BR"},{"@type":"Person","@id":"https:\/\/zenwellness.com.br\/blog\/#\/schema\/person\/dc3b6c111f1f8688c7b4c9aaedcf1334","name":"Zen App","image":{"@type":"ImageObject","inLanguage":"pt-BR","@id":"https:\/\/zenwellness.com.br\/blog\/#\/schema\/person\/image\/","url":"https:\/\/secure.gravatar.com\/avatar\/e1a1039aa8b9eabcae4ac096ddf633a4?s=96&d=mm&r=g","contentUrl":"https:\/\/secure.gravatar.com\/avatar\/e1a1039aa8b9eabcae4ac096ddf633a4?s=96&d=mm&r=g","caption":"Zen App"},"url":"https:\/\/zenwellness.com.br\/blog\/author\/zenapp\/"}]}},"_links":{"self":[{"href":"https:\/\/zenwellness.com.br\/blog\/wp-json\/wp\/v2\/posts\/4045"}],"collection":[{"href":"https:\/\/zenwellness.com.br\/blog\/wp-json\/wp\/v2\/posts"}],"about":[{"href":"https:\/\/zenwellness.com.br\/blog\/wp-json\/wp\/v2\/types\/post"}],"author":[{"embeddable":true,"href":"https:\/\/zenwellness.com.br\/blog\/wp-json\/wp\/v2\/users\/3"}],"replies":[{"embeddable":true,"href":"https:\/\/zenwellness.com.br\/blog\/wp-json\/wp\/v2\/comments?post=4045"}],"version-history":[{"count":2,"href":"https:\/\/zenwellness.com.br\/blog\/wp-json\/wp\/v2\/posts\/4045\/revisions"}],"predecessor-version":[{"id":11180,"href":"https:\/\/zenwellness.com.br\/blog\/wp-json\/wp\/v2\/posts\/4045\/revisions\/11180"}],"wp:featuredmedia":[{"embeddable":true,"href":"https:\/\/zenwellness.com.br\/blog\/wp-json\/wp\/v2\/media\/4046"}],"wp:attachment":[{"href":"https:\/\/zenwellness.com.br\/blog\/wp-json\/wp\/v2\/media?parent=4045"}],"wp:term":[{"taxonomy":"category","embeddable":true,"href":"https:\/\/zenwellness.com.br\/blog\/wp-json\/wp\/v2\/categories?post=4045"},{"taxonomy":"post_tag","embeddable":true,"href":"https:\/\/zenwellness.com.br\/blog\/wp-json\/wp\/v2\/tags?post=4045"}],"curies":[{"name":"wp","href":"https:\/\/api.w.org\/{rel}","templated":true}]}}