{"id":11966,"date":"2023-01-09T15:34:38","date_gmt":"2023-01-09T18:34:38","guid":{"rendered":"https:\/\/zenwellness.com.br\/blog\/?p=11966"},"modified":"2023-01-09T15:34:41","modified_gmt":"2023-01-09T18:34:41","slug":"meditar-em-2023","status":"publish","type":"post","link":"https:\/\/zenwellness.com.br\/blog\/meditar-em-2023\/","title":{"rendered":"Meditar em 2023: como e porqu\u00ea inserir a medita\u00e7\u00e3o na rotina"},"content":{"rendered":"\n<p>In\u00edcio de ano, normalmente, \u00e9 sempre a mesma coisa: temos uma lista de metas para os pr\u00f3ximos 12 meses. Mas, vamos ser sinceros, s\u00e3o tantas coisas que fica dif\u00edcil come\u00e7ar e ainda mais dif\u00edcil manter esses novos h\u00e1bitos.&nbsp;<\/p>\n\n\n\n<p>Ent\u00e3o as semanas v\u00e3o passando e, sem que voc\u00ea perceba, \u00e9 fim de ano outra vez.&nbsp;&nbsp;<\/p>\n\n\n\n<p>N\u00e3o vai ser assim esse ano! Pelo menos n\u00e3o se acaso voc\u00ea tem como meta <strong>meditar em 2023. <\/strong>Isso porque o time do Zen App vai te ajudar a n\u00e3o chegar em dezembro sem cumpri-la.&nbsp;<\/p>\n\n\n\n<p>Ali\u00e1s, o objetivo \u00e9 que voc\u00ea j\u00e1 esteja meditando ainda esse m\u00eas.&nbsp;&nbsp;<\/p>\n\n\n\n<blockquote class=\"wp-block-quote\"><p><em>&#8220;Decidimos lan\u00e7ar o <\/em><strong><em><a href=\"https:\/\/dl.zenapp.com.br\/XZFndgGYCFJjH6MMA\" target=\"_blank\" rel=\"noreferrer noopener\">Desafio 21 Dias<\/a> <\/em><\/strong><em>para aproveitar esse impulso que o m\u00eas de janeiro nos d\u00e1 para tentar coisas novas e, assim, ajudar quem sempre quis meditar, mas foi adiando o plano&#8221;, comenta a Assistente de Conte\u00fado do Zen App, Veridiana Juli\u00e3o.<\/em><\/p><\/blockquote>\n\n\n\n<figure class=\"wp-block-image size-large\"><a href=\"https:\/\/zenwellness.com.br\/blog\/wp-content\/uploads\/2023\/01\/meditar-em-2023-2-scaled.jpg\"><img loading=\"lazy\" width=\"1024\" height=\"768\" src=\"https:\/\/zenwellness.com.br\/blog\/wp-content\/uploads\/2023\/01\/meditar-em-2023-2-1024x768.jpg\" alt=\"zenwellness.com.br - meditar em 2023\" class=\"wp-image-11970\" srcset=\"https:\/\/zenwellness.com.br\/blog\/wp-content\/uploads\/2023\/01\/meditar-em-2023-2-1024x768.jpg 1024w, https:\/\/zenwellness.com.br\/blog\/wp-content\/uploads\/2023\/01\/meditar-em-2023-2-300x225.jpg 300w, https:\/\/zenwellness.com.br\/blog\/wp-content\/uploads\/2023\/01\/meditar-em-2023-2-768x576.jpg 768w, https:\/\/zenwellness.com.br\/blog\/wp-content\/uploads\/2023\/01\/meditar-em-2023-2-1536x1152.jpg 1536w, https:\/\/zenwellness.com.br\/blog\/wp-content\/uploads\/2023\/01\/meditar-em-2023-2-2048x1536.jpg 2048w, https:\/\/zenwellness.com.br\/blog\/wp-content\/uploads\/2023\/01\/meditar-em-2023-2-400x300.jpg 400w, https:\/\/zenwellness.com.br\/blog\/wp-content\/uploads\/2023\/01\/meditar-em-2023-2-650x488.jpg 650w\" sizes=\"(max-width: 1024px) 100vw, 1024px\" \/><\/a><\/figure>\n\n\n\n<p>Em resumo, o desafio \u00e9 uma viv\u00eancia composta por 21 medita\u00e7\u00f5es guiadas por produtores do Zen. De acordo com Veridiana, a ideia \u00e9 que o praticante possa perceber, diariamente, sua evolu\u00e7\u00e3o durante a a\u00e7\u00e3o do meditar. Por isso, os conte\u00fados foram selecionados pensando no tempo de dura\u00e7\u00e3o e na progress\u00e3o di\u00e1ria de quem est\u00e1 come\u00e7ando.\u00a0<\/p>\n\n\n\n<p>S\u00e3o medita\u00e7\u00f5es curtas, mais focadas na respira\u00e7\u00e3o e com uma guian\u00e7a mais presente e instrutiva.&nbsp;<\/p>\n\n\n\n<blockquote class=\"wp-block-quote\"><p><em>&#8220;\u00c9 um convite para que o usu\u00e1rio perceba suas rea\u00e7\u00f5es, seus eventuais desconfortos e para que tenha mais contato com sua ess\u00eancia mais profunda e verdadeira&#8221;, completa.<\/em><\/p><\/blockquote>\n\n\n\n<h2><strong>Como come\u00e7ar a meditar em 2023?<\/strong><\/h2>\n\n\n\n<p>Para quem deseja come\u00e7ar a meditar, o conselho do time do Zen \u00e9 sempre o mesmo: <strong>tenha const\u00e2ncia.<\/strong> O primeiro dia de medita\u00e7\u00e3o tende a ser dif\u00edcil, pois voc\u00ea n\u00e3o conhece a pr\u00e1tica e est\u00e1 desafiando tanto seu corpo quanto a sua mente a relaxarem de um modo at\u00e9 ent\u00e3o desconhecido.&nbsp;<\/p>\n\n\n\n<p>Em outras palavras, \u00e9 importante n\u00e3o desistir nos primeiros minutos e desconfortos.&nbsp;<\/p>\n\n\n\n<p>Neste sentido, acredita-se que persistir por 21 dias \u00e9 o ideal para tornar um novo h\u00e1bito parte da rotina. E, por isso, esse \u00e9 o tempo que o desafio de medita\u00e7\u00e3o do Zen App ir\u00e1 durar.&nbsp;<\/p>\n\n\n\n<p>As 21 medita\u00e7\u00f5es escolhidas pela equipe do Zen est\u00e3o compiladas num \u00fanico programa, ou seja, uma playlist. \u00c9 s\u00f3 abrir diariamente e aproveitar esse momento no qual o foco \u00e9 o aqui e o agora.<\/p>\n\n\n\n<p>Entre as medita\u00e7\u00f5es propostas est\u00e3o abordagens sobre ansiedade, autoestima, foco e sa\u00fade que estimulam a const\u00e2ncia e disciplina nestas tr\u00eas semanas.<\/p>\n\n\n\n<p>Se meditar em 2023 \u00e9 uma das suas metas de ano novo, <a href=\"https:\/\/dl.zenapp.com.br\/XZFndgGYCFJjH6MMA\" target=\"_blank\" rel=\"noreferrer noopener\">basta clicar aqui<\/a> e come\u00e7ar sua jornada com o Zen App.\u00a0<\/p>\n\n\n\n<h3><strong>Por que meditar<\/strong><\/h3>\n\n\n\n<p>Caso voc\u00ea n\u00e3o tenha inserido a pr\u00e1tica de medita\u00e7\u00e3o nas suas metas de ano novo, \u00e9 sempre motivo de mudar e tentar come\u00e7ar. Afinal, o que n\u00e3o faltam s\u00e3o motivos para isso, n\u00e9?&nbsp;<\/p>\n\n\n\n<p>A ci\u00eancia j\u00e1 comprovou, por exemplo, a redu\u00e7\u00e3o dos sintomas de ansiedade, depress\u00e3o e ataque de p\u00e2nico. Para al\u00e9m disso, sabe-se que ao meditar:&nbsp;<\/p>\n\n\n\n<ol><li>Seu c\u00e9rebro rejuvenesce&nbsp;&nbsp;<\/li><li>Sua mem\u00f3ria vai melhorar&nbsp;<\/li><li>H\u00e1 uma melhora na qualidade do sono<\/li><li>Voc\u00ea tem mais autoconhecimento&nbsp;<\/li><\/ol>\n\n\n\n<p><a href=\"https:\/\/zenwellness.com.br\/blog\/meditacao-e-ansiedade\/\" target=\"_blank\" rel=\"noreferrer noopener\">Clicando aqui<\/a> voc\u00ea conhece melhor os benef\u00edcios da medita\u00e7\u00e3o.\u00a0<\/p>\n\n\n\n<p>Por fim, vale lembrar que meditar n\u00e3o \u00e9 o mesmo que silenciar o c\u00e9rebro e ficar sem pensar. Ent\u00e3o, nada de desistir quando o primeiro pensamento surgir, combinado? O objetivo \u00e9 deixar sua mente livre e direcionar&nbsp; o fluxo de seus pensamentos sempre ao momento presente, focando principalmente na entrada e sa\u00edda de ar pelo seu corpo.&nbsp;<\/p>\n\n\n\n<p>Se tiver d\u00favidas, conte com o time do Zen para te auxiliar nessa jornada \ud83d\ude42&nbsp;<\/p>\n","protected":false},"excerpt":{"rendered":"In\u00edcio de ano, normalmente, \u00e9 sempre a mesma coisa: temos uma lista de metas para os pr\u00f3ximos 12 meses. Mas, vamos ser sinceros, s\u00e3o tantas coisas que fica dif\u00edcil come\u00e7ar e ainda mais dif\u00edcil manter esses novos h\u00e1bitos.&nbsp; Ent\u00e3o as semanas v\u00e3o passando e, sem que voc\u00ea perceba, \u00e9 fim de ano outra vez.&nbsp;&nbsp; N\u00e3o","protected":false},"author":3,"featured_media":11969,"comment_status":"open","ping_status":"open","sticky":false,"template":"","format":"standard","meta":[],"categories":[20],"tags":[],"yoast_head":"<!-- This site is optimized with the Yoast SEO plugin v19.13 - https:\/\/yoast.com\/wordpress\/plugins\/seo\/ -->\n<title>Meditar em 2023: como e porqu\u00ea inserir a medita\u00e7\u00e3o na rotina<\/title>\n<meta name=\"description\" content=\"Quer come\u00e7ar a meditar em 2023? O time do Zen App criou um programa pra voc\u00ea tirar essa meta do papel. Conhe\u00e7a e comece hoje mesmo!\" \/>\n<meta name=\"robots\" content=\"index, follow, max-snippet:-1, max-image-preview:large, max-video-preview:-1\" \/>\n<link rel=\"canonical\" href=\"https:\/\/zenwellness.com.br\/blog\/meditar-em-2023\/\" \/>\n<meta property=\"og:locale\" content=\"pt_BR\" \/>\n<meta property=\"og:type\" content=\"article\" \/>\n<meta property=\"og:title\" content=\"Meditar em 2023: como e porqu\u00ea inserir a medita\u00e7\u00e3o na rotina\" \/>\n<meta property=\"og:description\" content=\"Quer come\u00e7ar a meditar em 2023? O time do Zen App criou um programa pra voc\u00ea tirar essa meta do papel. Conhe\u00e7a e comece hoje mesmo!\" \/>\n<meta property=\"og:url\" content=\"https:\/\/zenwellness.com.br\/blog\/meditar-em-2023\/\" \/>\n<meta property=\"og:site_name\" content=\"Blog Zen\" \/>\n<meta property=\"article:published_time\" content=\"2023-01-09T18:34:38+00:00\" \/>\n<meta property=\"article:modified_time\" content=\"2023-01-09T18:34:41+00:00\" \/>\n<meta property=\"og:image\" content=\"https:\/\/zenwellness.com.br\/blog\/wp-content\/uploads\/2023\/01\/meditar-em-2023-scaled.jpg\" \/>\n\t<meta property=\"og:image:width\" content=\"2560\" \/>\n\t<meta property=\"og:image:height\" content=\"1485\" \/>\n\t<meta property=\"og:image:type\" content=\"image\/jpeg\" \/>\n<meta name=\"author\" content=\"Zen App\" \/>\n<meta name=\"twitter:card\" content=\"summary_large_image\" \/>\n<meta name=\"twitter:label1\" content=\"Escrito por\" \/>\n\t<meta name=\"twitter:data1\" content=\"Zen App\" \/>\n\t<meta name=\"twitter:label2\" content=\"Est. tempo de leitura\" \/>\n\t<meta name=\"twitter:data2\" content=\"4 minutos\" \/>\n<script type=\"application\/ld+json\" class=\"yoast-schema-graph\">{\"@context\":\"https:\/\/schema.org\",\"@graph\":[{\"@type\":\"WebPage\",\"@id\":\"https:\/\/zenwellness.com.br\/blog\/meditar-em-2023\/\",\"url\":\"https:\/\/zenwellness.com.br\/blog\/meditar-em-2023\/\",\"name\":\"Meditar em 2023: como e porqu\u00ea inserir a medita\u00e7\u00e3o na rotina\",\"isPartOf\":{\"@id\":\"https:\/\/zenwellness.com.br\/blog\/#website\"},\"datePublished\":\"2023-01-09T18:34:38+00:00\",\"dateModified\":\"2023-01-09T18:34:41+00:00\",\"author\":{\"@id\":\"https:\/\/zenwellness.com.br\/blog\/#\/schema\/person\/dc3b6c111f1f8688c7b4c9aaedcf1334\"},\"description\":\"Quer come\u00e7ar a meditar em 2023? O time do Zen App criou um programa pra voc\u00ea tirar essa meta do papel. Conhe\u00e7a e comece hoje mesmo!\",\"breadcrumb\":{\"@id\":\"https:\/\/zenwellness.com.br\/blog\/meditar-em-2023\/#breadcrumb\"},\"inLanguage\":\"pt-BR\",\"potentialAction\":[{\"@type\":\"ReadAction\",\"target\":[\"https:\/\/zenwellness.com.br\/blog\/meditar-em-2023\/\"]}]},{\"@type\":\"BreadcrumbList\",\"@id\":\"https:\/\/zenwellness.com.br\/blog\/meditar-em-2023\/#breadcrumb\",\"itemListElement\":[{\"@type\":\"ListItem\",\"position\":1,\"name\":\"In\u00edcio\",\"item\":\"https:\/\/zenwellness.com.br\/blog\/\"},{\"@type\":\"ListItem\",\"position\":2,\"name\":\"Medita\u00e7\u00e3o\",\"item\":\"https:\/\/zenwellness.com.br\/blog\/meditacao\/\"},{\"@type\":\"ListItem\",\"position\":3,\"name\":\"Meditar em 2023: como e porqu\u00ea inserir a medita\u00e7\u00e3o na rotina\"}]},{\"@type\":\"WebSite\",\"@id\":\"https:\/\/zenwellness.com.br\/blog\/#website\",\"url\":\"https:\/\/zenwellness.com.br\/blog\/\",\"name\":\"Blog Zen\",\"description\":\"\",\"potentialAction\":[{\"@type\":\"SearchAction\",\"target\":{\"@type\":\"EntryPoint\",\"urlTemplate\":\"https:\/\/zenwellness.com.br\/blog\/?s={search_term_string}\"},\"query-input\":\"required name=search_term_string\"}],\"inLanguage\":\"pt-BR\"},{\"@type\":\"Person\",\"@id\":\"https:\/\/zenwellness.com.br\/blog\/#\/schema\/person\/dc3b6c111f1f8688c7b4c9aaedcf1334\",\"name\":\"Zen App\",\"image\":{\"@type\":\"ImageObject\",\"inLanguage\":\"pt-BR\",\"@id\":\"https:\/\/zenwellness.com.br\/blog\/#\/schema\/person\/image\/\",\"url\":\"https:\/\/secure.gravatar.com\/avatar\/e1a1039aa8b9eabcae4ac096ddf633a4?s=96&d=mm&r=g\",\"contentUrl\":\"https:\/\/secure.gravatar.com\/avatar\/e1a1039aa8b9eabcae4ac096ddf633a4?s=96&d=mm&r=g\",\"caption\":\"Zen App\"},\"url\":\"https:\/\/zenwellness.com.br\/blog\/author\/zenapp\/\"}]}<\/script>\n<!-- \/ Yoast SEO plugin. -->","yoast_head_json":{"title":"Meditar em 2023: como e porqu\u00ea inserir a medita\u00e7\u00e3o na rotina","description":"Quer come\u00e7ar a meditar em 2023? O time do Zen App criou um programa pra voc\u00ea tirar essa meta do papel. Conhe\u00e7a e comece hoje mesmo!","robots":{"index":"index","follow":"follow","max-snippet":"max-snippet:-1","max-image-preview":"max-image-preview:large","max-video-preview":"max-video-preview:-1"},"canonical":"https:\/\/zenwellness.com.br\/blog\/meditar-em-2023\/","og_locale":"pt_BR","og_type":"article","og_title":"Meditar em 2023: como e porqu\u00ea inserir a medita\u00e7\u00e3o na rotina","og_description":"Quer come\u00e7ar a meditar em 2023? O time do Zen App criou um programa pra voc\u00ea tirar essa meta do papel. Conhe\u00e7a e comece hoje mesmo!","og_url":"https:\/\/zenwellness.com.br\/blog\/meditar-em-2023\/","og_site_name":"Blog Zen","article_published_time":"2023-01-09T18:34:38+00:00","article_modified_time":"2023-01-09T18:34:41+00:00","og_image":[{"width":2560,"height":1485,"url":"https:\/\/zenwellness.com.br\/blog\/wp-content\/uploads\/2023\/01\/meditar-em-2023-scaled.jpg","type":"image\/jpeg"}],"author":"Zen App","twitter_card":"summary_large_image","twitter_misc":{"Escrito por":"Zen App","Est. tempo de leitura":"4 minutos"},"schema":{"@context":"https:\/\/schema.org","@graph":[{"@type":"WebPage","@id":"https:\/\/zenwellness.com.br\/blog\/meditar-em-2023\/","url":"https:\/\/zenwellness.com.br\/blog\/meditar-em-2023\/","name":"Meditar em 2023: como e porqu\u00ea inserir a medita\u00e7\u00e3o na rotina","isPartOf":{"@id":"https:\/\/zenwellness.com.br\/blog\/#website"},"datePublished":"2023-01-09T18:34:38+00:00","dateModified":"2023-01-09T18:34:41+00:00","author":{"@id":"https:\/\/zenwellness.com.br\/blog\/#\/schema\/person\/dc3b6c111f1f8688c7b4c9aaedcf1334"},"description":"Quer come\u00e7ar a meditar em 2023? O time do Zen App criou um programa pra voc\u00ea tirar essa meta do papel. Conhe\u00e7a e comece hoje mesmo!","breadcrumb":{"@id":"https:\/\/zenwellness.com.br\/blog\/meditar-em-2023\/#breadcrumb"},"inLanguage":"pt-BR","potentialAction":[{"@type":"ReadAction","target":["https:\/\/zenwellness.com.br\/blog\/meditar-em-2023\/"]}]},{"@type":"BreadcrumbList","@id":"https:\/\/zenwellness.com.br\/blog\/meditar-em-2023\/#breadcrumb","itemListElement":[{"@type":"ListItem","position":1,"name":"In\u00edcio","item":"https:\/\/zenwellness.com.br\/blog\/"},{"@type":"ListItem","position":2,"name":"Medita\u00e7\u00e3o","item":"https:\/\/zenwellness.com.br\/blog\/meditacao\/"},{"@type":"ListItem","position":3,"name":"Meditar em 2023: como e porqu\u00ea inserir a medita\u00e7\u00e3o na rotina"}]},{"@type":"WebSite","@id":"https:\/\/zenwellness.com.br\/blog\/#website","url":"https:\/\/zenwellness.com.br\/blog\/","name":"Blog Zen","description":"","potentialAction":[{"@type":"SearchAction","target":{"@type":"EntryPoint","urlTemplate":"https:\/\/zenwellness.com.br\/blog\/?s={search_term_string}"},"query-input":"required name=search_term_string"}],"inLanguage":"pt-BR"},{"@type":"Person","@id":"https:\/\/zenwellness.com.br\/blog\/#\/schema\/person\/dc3b6c111f1f8688c7b4c9aaedcf1334","name":"Zen App","image":{"@type":"ImageObject","inLanguage":"pt-BR","@id":"https:\/\/zenwellness.com.br\/blog\/#\/schema\/person\/image\/","url":"https:\/\/secure.gravatar.com\/avatar\/e1a1039aa8b9eabcae4ac096ddf633a4?s=96&d=mm&r=g","contentUrl":"https:\/\/secure.gravatar.com\/avatar\/e1a1039aa8b9eabcae4ac096ddf633a4?s=96&d=mm&r=g","caption":"Zen App"},"url":"https:\/\/zenwellness.com.br\/blog\/author\/zenapp\/"}]}},"_links":{"self":[{"href":"https:\/\/zenwellness.com.br\/blog\/wp-json\/wp\/v2\/posts\/11966"}],"collection":[{"href":"https:\/\/zenwellness.com.br\/blog\/wp-json\/wp\/v2\/posts"}],"about":[{"href":"https:\/\/zenwellness.com.br\/blog\/wp-json\/wp\/v2\/types\/post"}],"author":[{"embeddable":true,"href":"https:\/\/zenwellness.com.br\/blog\/wp-json\/wp\/v2\/users\/3"}],"replies":[{"embeddable":true,"href":"https:\/\/zenwellness.com.br\/blog\/wp-json\/wp\/v2\/comments?post=11966"}],"version-history":[{"count":4,"href":"https:\/\/zenwellness.com.br\/blog\/wp-json\/wp\/v2\/posts\/11966\/revisions"}],"predecessor-version":[{"id":11972,"href":"https:\/\/zenwellness.com.br\/blog\/wp-json\/wp\/v2\/posts\/11966\/revisions\/11972"}],"wp:featuredmedia":[{"embeddable":true,"href":"https:\/\/zenwellness.com.br\/blog\/wp-json\/wp\/v2\/media\/11969"}],"wp:attachment":[{"href":"https:\/\/zenwellness.com.br\/blog\/wp-json\/wp\/v2\/media?parent=11966"}],"wp:term":[{"taxonomy":"category","embeddable":true,"href":"https:\/\/zenwellness.com.br\/blog\/wp-json\/wp\/v2\/categories?post=11966"},{"taxonomy":"post_tag","embeddable":true,"href":"https:\/\/zenwellness.com.br\/blog\/wp-json\/wp\/v2\/tags?post=11966"}],"curies":[{"name":"wp","href":"https:\/\/api.w.org\/{rel}","templated":true}]}}