{"id":11491,"date":"2022-04-14T11:00:00","date_gmt":"2022-04-14T14:00:00","guid":{"rendered":"https:\/\/zenwellness.com.br\/blog\/?p=11491"},"modified":"2022-04-26T15:50:14","modified_gmt":"2022-04-26T18:50:14","slug":"meditacao-e-bom-pra-que","status":"publish","type":"post","link":"https:\/\/zenwellness.com.br\/blog\/meditacao-e-bom-pra-que\/","title":{"rendered":"Medita\u00e7\u00e3o \u00e9 bom pra que? Benef\u00edcios de meditar todos os dias"},"content":{"rendered":"\n<p>Quem medita n\u00e3o perde a chance de falar sobre como meditar \u00e9 bom. Mas, para quem ainda n\u00e3o adquiriu o h\u00e1bito essa informa\u00e7\u00e3o \u00e9 um pouco vaga, n\u00e9?<\/p>\n\n\n\n<blockquote class=\"wp-block-quote\"><p><em>&#8220;Tudo bem, a sua vida mudou depois de meditar. Mas mudou como? Meditar \u00e9 bom pra que?&#8221;<\/em><\/p><\/blockquote>\n\n\n\n<p>Se acaso voc\u00ea tem essa d\u00favida, depois da leitura desse post voc\u00ea n\u00e3o s\u00f3 saber\u00e1 por que \u00e9 t\u00e3o bom meditar. Tamb\u00e9m vai come\u00e7ar a introduzir esse costume na sua vida e, claro, sentir na pr\u00e1tica o que n\u00f3s vamos te contar.&nbsp;<\/p>\n\n\n\n<h2><strong>Antes de mais nada: o que \u00e9 meditar&nbsp;&nbsp;<\/strong><\/h2>\n\n\n\n<p>Para come\u00e7ar, \u00e9 importante entender que existem muitos mitos a respeito do que \u00e9 a medita\u00e7\u00e3o. E, em sua maioria, essas mentiras acabam afastando a medita\u00e7\u00e3o de quem tem vontade de come\u00e7ar.&nbsp;<\/p>\n\n\n\n<p>Fazem parecer algo imposs\u00edvel. Mas, prometo pra voc\u00ea, n\u00e3o \u00e9.&nbsp;<\/p>\n\n\n\n<p>Em resumo, meditar \u00e9 se conectar com o aqui e o agora. Quando voc\u00ea l\u00ea um livro, ouve uma m\u00fasica ou faz uma ora\u00e7\u00e3o, por exemplo, muitas vezes est\u00e1 meditando. \u00c9 aquele momento que nada do passado te assombra ou do futuro te d\u00e1 medo. Num processo mais profundo, meditar \u00e9 praticar a <a href=\"http:\/\/blog.app-zen.com\/auto-observacao\/\">auto-observa\u00e7\u00e3o<\/a>.&nbsp;<\/p>\n\n\n\n<h3><strong>E os benef\u00edcios de meditar s\u00e3o in\u00fameros&nbsp;<\/strong><\/h3>\n\n\n\n<p>Por ser uma pr\u00e1tica que data de milhares de anos &#8211; acredita-se que tenha se originado por volta de 1500 a.C na China e \u00cdndia &#8211; a medita\u00e7\u00e3o j\u00e1 foi tema de diversas pesquisas cient\u00edficas pelo mundo.&nbsp;<\/p>\n\n\n\n<p>E todas as vezes que um pesquisador se perguntou <em>&#8220;mas medita\u00e7\u00e3o \u00e9 bom pra que?&#8221; <\/em>encontrou tanto benef\u00edcios para a sa\u00fade mental quanto para a f\u00edsica.&nbsp; Entre os quais est\u00e3o, por exemplo:&nbsp;<\/p>\n\n\n\n<ul><li>Redu\u00e7\u00e3o dos sintomas de ansiedade, depress\u00e3o e ataque de p\u00e2nico<\/li><li>Al\u00edvio de inflama\u00e7\u00f5es cr\u00f4nicas<\/li><li>Melhora do humor e da cogni\u00e7\u00e3o<\/li><li>Desenvolvimento do foco<\/li><li>Redu\u00e7\u00e3o na perda de mem\u00f3ria<\/li><li>Melhora do sono<\/li><li>Benef\u00edcios em rela\u00e7\u00e3o a doen\u00e7as cr\u00f4nicas<\/li><\/ul>\n\n\n\n<p>Aqui tem mais detalhes das pesquisas citadas acima. Por\u00e9m, resumidamente, \u00e9 poss\u00edvel dizer que&nbsp; al\u00e9m de promover mais autoconhecimento e auto aceita\u00e7\u00e3o, a medita\u00e7\u00e3o tamb\u00e9m&nbsp; promove uma verdadeira transforma\u00e7\u00e3o do c\u00e9rebro.&nbsp;<\/p>\n\n\n\n<p>De acordo com um estudo publicado, em 2011, na <em>Psychiatry Research: Neuroimaging, <\/em>&nbsp;ap\u00f3s dois meses de medita\u00e7\u00e3o s\u00e3o notadas altera\u00e7\u00f5es f\u00edsicas ao c\u00e9rebro. A an\u00e1lise dos exames de resson\u00e2ncia magn\u00e9tica dos participantes mostrou um aumento da densidade do hipocampo e diminui\u00e7\u00e3o na am\u00edgdala.&nbsp;<\/p>\n\n\n\n<p>O hipocampo \u00e9 a parte do c\u00e9rebro envolvida na introspec\u00e7\u00e3o, na mem\u00f3ria e no aprendizado. J\u00e1 a am\u00edgdala interage com os est\u00edmulos nervosos do corpo.&nbsp;<\/p>\n\n\n\n<h3><strong>Como come\u00e7ar a meditar<\/strong><\/h3>\n\n\n\n<p>Segundo essa pesquisa, os efeitos foram sentidos a partir de dois meses de medita\u00e7\u00f5es. Al\u00e9m disso, os participantes meditaram por, em m\u00e9dia, 27 minutos por dia.<\/p>\n\n\n\n<p>Voc\u00ea n\u00e3o precisa come\u00e7ar assim, tudo bem?&nbsp;<\/p>\n\n\n\n<p>\u00c9 importante introduzir a pr\u00e1tica aos poucos na sua rotina. Assim voc\u00ea se acostuma e n\u00e3o perde o interesse. No Zen App n\u00f3s temos um <a href=\"https:\/\/zenwellness.com.br\/blog\/curso-de-meditacao-aprenda-a-meditar-em-21-dias\/\" target=\"_blank\" rel=\"noreferrer noopener\">programa com 21 medita\u00e7\u00f5es guiadas focadas em quem est\u00e1 come\u00e7ando<\/a>. Clique aqui para conferir mais detalhes e comece a meditar hoje mesmo.&nbsp;<\/p>\n","protected":false},"excerpt":{"rendered":"Quem medita n\u00e3o perde a chance de falar sobre como meditar \u00e9 bom. Mas, para quem ainda n\u00e3o adquiriu o h\u00e1bito essa informa\u00e7\u00e3o \u00e9 um pouco vaga, n\u00e9? &#8220;Tudo bem, a sua vida mudou depois de meditar. Mas mudou como? Meditar \u00e9 bom pra que?&#8221; Se acaso voc\u00ea tem essa d\u00favida, depois da leitura desse","protected":false},"author":3,"featured_media":11493,"comment_status":"open","ping_status":"open","sticky":false,"template":"","format":"standard","meta":[],"categories":[20],"tags":[826,30],"yoast_head":"<!-- This site is optimized with the Yoast SEO plugin v19.13 - https:\/\/yoast.com\/wordpress\/plugins\/seo\/ -->\n<title>Medita\u00e7\u00e3o \u00e9 bom pra que? Benef\u00edcios de meditar todos os dias<\/title>\n<meta name=\"description\" content=\"Sempre se perguntou &quot;medita\u00e7\u00e3o \u00e9 bom pra que?&quot;. A gente te conta os benef\u00edcios de meditar todos os dias e te ajuda a come\u00e7ar hoje mesmo.\" \/>\n<meta name=\"robots\" content=\"index, follow, max-snippet:-1, max-image-preview:large, max-video-preview:-1\" \/>\n<link rel=\"canonical\" href=\"https:\/\/zenwellness.com.br\/blog\/meditacao-e-bom-pra-que\/\" \/>\n<meta property=\"og:locale\" content=\"pt_BR\" \/>\n<meta property=\"og:type\" content=\"article\" \/>\n<meta property=\"og:title\" content=\"Medita\u00e7\u00e3o \u00e9 bom pra que? Benef\u00edcios de meditar todos os dias\" \/>\n<meta property=\"og:description\" content=\"Sempre se perguntou &quot;medita\u00e7\u00e3o \u00e9 bom pra que?&quot;. A gente te conta os benef\u00edcios de meditar todos os dias e te ajuda a come\u00e7ar hoje mesmo.\" \/>\n<meta property=\"og:url\" content=\"https:\/\/zenwellness.com.br\/blog\/meditacao-e-bom-pra-que\/\" \/>\n<meta property=\"og:site_name\" content=\"Blog Zen\" \/>\n<meta property=\"article:published_time\" content=\"2022-04-14T14:00:00+00:00\" \/>\n<meta property=\"article:modified_time\" content=\"2022-04-26T18:50:14+00:00\" \/>\n<meta property=\"og:image\" content=\"https:\/\/zenwellness.com.br\/blog\/wp-content\/uploads\/2022\/04\/meditacao-e-bom-pra-que-beneficios-de-meditar-todos-os-dias.jpeg\" \/>\n\t<meta property=\"og:image:width\" content=\"1280\" \/>\n\t<meta property=\"og:image:height\" content=\"853\" \/>\n\t<meta property=\"og:image:type\" content=\"image\/jpeg\" \/>\n<meta name=\"author\" content=\"Zen App\" \/>\n<meta name=\"twitter:card\" content=\"summary_large_image\" \/>\n<meta name=\"twitter:label1\" content=\"Escrito por\" \/>\n\t<meta name=\"twitter:data1\" content=\"Zen App\" \/>\n\t<meta name=\"twitter:label2\" content=\"Est. tempo de leitura\" \/>\n\t<meta name=\"twitter:data2\" content=\"3 minutos\" \/>\n<script type=\"application\/ld+json\" class=\"yoast-schema-graph\">{\"@context\":\"https:\/\/schema.org\",\"@graph\":[{\"@type\":\"WebPage\",\"@id\":\"https:\/\/zenwellness.com.br\/blog\/meditacao-e-bom-pra-que\/\",\"url\":\"https:\/\/zenwellness.com.br\/blog\/meditacao-e-bom-pra-que\/\",\"name\":\"Medita\u00e7\u00e3o \u00e9 bom pra que? Benef\u00edcios de meditar todos os dias\",\"isPartOf\":{\"@id\":\"https:\/\/zenwellness.com.br\/blog\/#website\"},\"datePublished\":\"2022-04-14T14:00:00+00:00\",\"dateModified\":\"2022-04-26T18:50:14+00:00\",\"author\":{\"@id\":\"https:\/\/zenwellness.com.br\/blog\/#\/schema\/person\/dc3b6c111f1f8688c7b4c9aaedcf1334\"},\"description\":\"Sempre se perguntou \\\"medita\u00e7\u00e3o \u00e9 bom pra que?\\\". A gente te conta os benef\u00edcios de meditar todos os dias e te ajuda a come\u00e7ar hoje mesmo.\",\"breadcrumb\":{\"@id\":\"https:\/\/zenwellness.com.br\/blog\/meditacao-e-bom-pra-que\/#breadcrumb\"},\"inLanguage\":\"pt-BR\",\"potentialAction\":[{\"@type\":\"ReadAction\",\"target\":[\"https:\/\/zenwellness.com.br\/blog\/meditacao-e-bom-pra-que\/\"]}]},{\"@type\":\"BreadcrumbList\",\"@id\":\"https:\/\/zenwellness.com.br\/blog\/meditacao-e-bom-pra-que\/#breadcrumb\",\"itemListElement\":[{\"@type\":\"ListItem\",\"position\":1,\"name\":\"In\u00edcio\",\"item\":\"https:\/\/zenwellness.com.br\/blog\/\"},{\"@type\":\"ListItem\",\"position\":2,\"name\":\"Medita\u00e7\u00e3o\",\"item\":\"https:\/\/zenwellness.com.br\/blog\/meditacao\/\"},{\"@type\":\"ListItem\",\"position\":3,\"name\":\"Medita\u00e7\u00e3o \u00e9 bom pra que? Benef\u00edcios de meditar todos os dias\"}]},{\"@type\":\"WebSite\",\"@id\":\"https:\/\/zenwellness.com.br\/blog\/#website\",\"url\":\"https:\/\/zenwellness.com.br\/blog\/\",\"name\":\"Blog Zen\",\"description\":\"\",\"potentialAction\":[{\"@type\":\"SearchAction\",\"target\":{\"@type\":\"EntryPoint\",\"urlTemplate\":\"https:\/\/zenwellness.com.br\/blog\/?s={search_term_string}\"},\"query-input\":\"required name=search_term_string\"}],\"inLanguage\":\"pt-BR\"},{\"@type\":\"Person\",\"@id\":\"https:\/\/zenwellness.com.br\/blog\/#\/schema\/person\/dc3b6c111f1f8688c7b4c9aaedcf1334\",\"name\":\"Zen App\",\"image\":{\"@type\":\"ImageObject\",\"inLanguage\":\"pt-BR\",\"@id\":\"https:\/\/zenwellness.com.br\/blog\/#\/schema\/person\/image\/\",\"url\":\"https:\/\/secure.gravatar.com\/avatar\/e1a1039aa8b9eabcae4ac096ddf633a4?s=96&d=mm&r=g\",\"contentUrl\":\"https:\/\/secure.gravatar.com\/avatar\/e1a1039aa8b9eabcae4ac096ddf633a4?s=96&d=mm&r=g\",\"caption\":\"Zen App\"},\"url\":\"https:\/\/zenwellness.com.br\/blog\/author\/zenapp\/\"}]}<\/script>\n<!-- \/ Yoast SEO plugin. -->","yoast_head_json":{"title":"Medita\u00e7\u00e3o \u00e9 bom pra que? Benef\u00edcios de meditar todos os dias","description":"Sempre se perguntou \"medita\u00e7\u00e3o \u00e9 bom pra que?\". A gente te conta os benef\u00edcios de meditar todos os dias e te ajuda a come\u00e7ar hoje mesmo.","robots":{"index":"index","follow":"follow","max-snippet":"max-snippet:-1","max-image-preview":"max-image-preview:large","max-video-preview":"max-video-preview:-1"},"canonical":"https:\/\/zenwellness.com.br\/blog\/meditacao-e-bom-pra-que\/","og_locale":"pt_BR","og_type":"article","og_title":"Medita\u00e7\u00e3o \u00e9 bom pra que? Benef\u00edcios de meditar todos os dias","og_description":"Sempre se perguntou \"medita\u00e7\u00e3o \u00e9 bom pra que?\". A gente te conta os benef\u00edcios de meditar todos os dias e te ajuda a come\u00e7ar hoje mesmo.","og_url":"https:\/\/zenwellness.com.br\/blog\/meditacao-e-bom-pra-que\/","og_site_name":"Blog Zen","article_published_time":"2022-04-14T14:00:00+00:00","article_modified_time":"2022-04-26T18:50:14+00:00","og_image":[{"width":1280,"height":853,"url":"https:\/\/zenwellness.com.br\/blog\/wp-content\/uploads\/2022\/04\/meditacao-e-bom-pra-que-beneficios-de-meditar-todos-os-dias.jpeg","type":"image\/jpeg"}],"author":"Zen App","twitter_card":"summary_large_image","twitter_misc":{"Escrito por":"Zen App","Est. tempo de leitura":"3 minutos"},"schema":{"@context":"https:\/\/schema.org","@graph":[{"@type":"WebPage","@id":"https:\/\/zenwellness.com.br\/blog\/meditacao-e-bom-pra-que\/","url":"https:\/\/zenwellness.com.br\/blog\/meditacao-e-bom-pra-que\/","name":"Medita\u00e7\u00e3o \u00e9 bom pra que? Benef\u00edcios de meditar todos os dias","isPartOf":{"@id":"https:\/\/zenwellness.com.br\/blog\/#website"},"datePublished":"2022-04-14T14:00:00+00:00","dateModified":"2022-04-26T18:50:14+00:00","author":{"@id":"https:\/\/zenwellness.com.br\/blog\/#\/schema\/person\/dc3b6c111f1f8688c7b4c9aaedcf1334"},"description":"Sempre se perguntou \"medita\u00e7\u00e3o \u00e9 bom pra que?\". A gente te conta os benef\u00edcios de meditar todos os dias e te ajuda a come\u00e7ar hoje mesmo.","breadcrumb":{"@id":"https:\/\/zenwellness.com.br\/blog\/meditacao-e-bom-pra-que\/#breadcrumb"},"inLanguage":"pt-BR","potentialAction":[{"@type":"ReadAction","target":["https:\/\/zenwellness.com.br\/blog\/meditacao-e-bom-pra-que\/"]}]},{"@type":"BreadcrumbList","@id":"https:\/\/zenwellness.com.br\/blog\/meditacao-e-bom-pra-que\/#breadcrumb","itemListElement":[{"@type":"ListItem","position":1,"name":"In\u00edcio","item":"https:\/\/zenwellness.com.br\/blog\/"},{"@type":"ListItem","position":2,"name":"Medita\u00e7\u00e3o","item":"https:\/\/zenwellness.com.br\/blog\/meditacao\/"},{"@type":"ListItem","position":3,"name":"Medita\u00e7\u00e3o \u00e9 bom pra que? Benef\u00edcios de meditar todos os dias"}]},{"@type":"WebSite","@id":"https:\/\/zenwellness.com.br\/blog\/#website","url":"https:\/\/zenwellness.com.br\/blog\/","name":"Blog Zen","description":"","potentialAction":[{"@type":"SearchAction","target":{"@type":"EntryPoint","urlTemplate":"https:\/\/zenwellness.com.br\/blog\/?s={search_term_string}"},"query-input":"required name=search_term_string"}],"inLanguage":"pt-BR"},{"@type":"Person","@id":"https:\/\/zenwellness.com.br\/blog\/#\/schema\/person\/dc3b6c111f1f8688c7b4c9aaedcf1334","name":"Zen App","image":{"@type":"ImageObject","inLanguage":"pt-BR","@id":"https:\/\/zenwellness.com.br\/blog\/#\/schema\/person\/image\/","url":"https:\/\/secure.gravatar.com\/avatar\/e1a1039aa8b9eabcae4ac096ddf633a4?s=96&d=mm&r=g","contentUrl":"https:\/\/secure.gravatar.com\/avatar\/e1a1039aa8b9eabcae4ac096ddf633a4?s=96&d=mm&r=g","caption":"Zen App"},"url":"https:\/\/zenwellness.com.br\/blog\/author\/zenapp\/"}]}},"_links":{"self":[{"href":"https:\/\/zenwellness.com.br\/blog\/wp-json\/wp\/v2\/posts\/11491"}],"collection":[{"href":"https:\/\/zenwellness.com.br\/blog\/wp-json\/wp\/v2\/posts"}],"about":[{"href":"https:\/\/zenwellness.com.br\/blog\/wp-json\/wp\/v2\/types\/post"}],"author":[{"embeddable":true,"href":"https:\/\/zenwellness.com.br\/blog\/wp-json\/wp\/v2\/users\/3"}],"replies":[{"embeddable":true,"href":"https:\/\/zenwellness.com.br\/blog\/wp-json\/wp\/v2\/comments?post=11491"}],"version-history":[{"count":3,"href":"https:\/\/zenwellness.com.br\/blog\/wp-json\/wp\/v2\/posts\/11491\/revisions"}],"predecessor-version":[{"id":11515,"href":"https:\/\/zenwellness.com.br\/blog\/wp-json\/wp\/v2\/posts\/11491\/revisions\/11515"}],"wp:featuredmedia":[{"embeddable":true,"href":"https:\/\/zenwellness.com.br\/blog\/wp-json\/wp\/v2\/media\/11493"}],"wp:attachment":[{"href":"https:\/\/zenwellness.com.br\/blog\/wp-json\/wp\/v2\/media?parent=11491"}],"wp:term":[{"taxonomy":"category","embeddable":true,"href":"https:\/\/zenwellness.com.br\/blog\/wp-json\/wp\/v2\/categories?post=11491"},{"taxonomy":"post_tag","embeddable":true,"href":"https:\/\/zenwellness.com.br\/blog\/wp-json\/wp\/v2\/tags?post=11491"}],"curies":[{"name":"wp","href":"https:\/\/api.w.org\/{rel}","templated":true}]}}