{"id":10997,"date":"2020-02-27T15:38:28","date_gmt":"2020-02-27T18:38:28","guid":{"rendered":"https:\/\/zenwellness.com.br\/blog\/?p=10997"},"modified":"2020-03-03T09:52:09","modified_gmt":"2020-03-03T12:52:09","slug":"como-transformar-sua-varanda-em-um-espaco-zen","status":"publish","type":"post","link":"https:\/\/zenwellness.com.br\/blog\/como-transformar-sua-varanda-em-um-espaco-zen\/","title":{"rendered":"Como transformar sua varanda em um espa\u00e7o zen"},"content":{"rendered":"\n<p>Varandas, sacadas e terra\u00e7os adicionam verdadeiros pulm\u00f5es ao layout geral de qualquer apartamento. Apesar de sabermos disso, eles continuam sendo os espa\u00e7os mais negligenciados e subutilizados, e h\u00e1 at\u00e9 quem sequer pise nestes ambientes no dia a dia.&nbsp;<\/p>\n\n\n\n<p>Dada a agita\u00e7\u00e3o da vida cotidiana, transformar estes lugares em um o\u00e1sis pac\u00edfico pode ser uma boa sa\u00edda para encontrar seu cantinho de paz di\u00e1ria. O desafio \u00e9 transformar esses espa\u00e7os, muitas vezes esquecidos, em ambientes bonitos e convidativos.<\/p>\n\n\n\n<figure class=\"wp-block-image size-large\"><img loading=\"lazy\" width=\"534\" height=\"750\" src=\"https:\/\/zenwellness.com.br\/blog\/wp-content\/uploads\/2020\/02\/1.Dicas-Decora\u00e7\u00e3o.jpg\" alt=\"\" class=\"wp-image-11000\" srcset=\"https:\/\/zenwellness.com.br\/blog\/wp-content\/uploads\/2020\/02\/1.Dicas-Decora\u00e7\u00e3o.jpg 534w, https:\/\/zenwellness.com.br\/blog\/wp-content\/uploads\/2020\/02\/1.Dicas-Decora\u00e7\u00e3o-214x300.jpg 214w, https:\/\/zenwellness.com.br\/blog\/wp-content\/uploads\/2020\/02\/1.Dicas-Decora\u00e7\u00e3o-300x421.jpg 300w, https:\/\/zenwellness.com.br\/blog\/wp-content\/uploads\/2020\/02\/1.Dicas-Decora\u00e7\u00e3o-400x562.jpg 400w\" sizes=\"(max-width: 534px) 100vw, 534px\" \/><\/figure>\n\n\n\n<p>Especialmente para o estilo de vida dos apartamentos urbanos, as varandas s\u00e3o as \u00fanicas &#8220;\u00e1reas externas&#8221; em si.<\/p>\n\n\n\n<p>E n\u00e3o importa o tamanho, at\u00e9 a menor das varandas do menor apartamento pode ser transformada em um santu\u00e1rio exclusivos para se refugiar. V\u00e1rias ideias de sacada podem ser empregadas para adicionar personalidade e estilo a estes espa\u00e7os e torn\u00e1-los o local mais agrad\u00e1vel em suas casas, um verdadeiro espa\u00e7o zen.&nbsp;<\/p>\n\n\n\n<p>Voc\u00ea pode facilmente levar a decora\u00e7\u00e3o da sua casa um passo adiante com uma varanda de inspira\u00e7\u00e3o zen, e al\u00e9m disso, dar a si mesmo um espa\u00e7o para estar em harmonia com a natureza.<\/p>\n\n\n\n<p>Aqui est\u00e3o algumas inspira\u00e7\u00f5es da decora\u00e7\u00e3o oriental para levar o zen \u00e0 sua varanda:<\/p>\n\n\n\n<figure class=\"wp-block-image size-large\"><img loading=\"lazy\" width=\"534\" height=\"750\" src=\"https:\/\/zenwellness.com.br\/blog\/wp-content\/uploads\/2020\/02\/2.Casa-Vogue.jpg\" alt=\"\" class=\"wp-image-11001\" srcset=\"https:\/\/zenwellness.com.br\/blog\/wp-content\/uploads\/2020\/02\/2.Casa-Vogue.jpg 534w, https:\/\/zenwellness.com.br\/blog\/wp-content\/uploads\/2020\/02\/2.Casa-Vogue-214x300.jpg 214w, https:\/\/zenwellness.com.br\/blog\/wp-content\/uploads\/2020\/02\/2.Casa-Vogue-300x421.jpg 300w, https:\/\/zenwellness.com.br\/blog\/wp-content\/uploads\/2020\/02\/2.Casa-Vogue-400x562.jpg 400w\" sizes=\"(max-width: 534px) 100vw, 534px\" \/><\/figure>\n\n\n\n<h2><strong>1) Pisos&nbsp;<\/strong><\/h2>\n\n\n\n<p>Uma caracter\u00edstica marcante da decora\u00e7\u00e3o zen \u00e9 o piso, geralmente em madeira. Enquanto a varanda ou o terra\u00e7o j\u00e1 pode ter um piso vitrificado ou um piso de pedra, um piso de madeira pode ser feito em uma \u00e1rea selecionada que d\u00e1 \u00e0 sua varanda outra zona e o clima oriental certo desde o in\u00edcio. Se sua varanda \u00e9 aberta, o piso de madeira adequado para \u00e1reas exteriores \u00e9 crucial.&nbsp;<\/p>\n\n\n\n<p>\u00c9 importante notar que o piso de madeira \u00e9 t\u00e3o adequado para decora\u00e7\u00f5es modernas quanto as tradicionais e muda rapidamente o ambiente, por sua eleg\u00e2ncia naturalista.&nbsp;<\/p>\n\n\n\n<p>Voc\u00ea tamb\u00e9m pode tentar um gramado artificial para uma parte da sua varanda, que \u00e9 praticamente livre de manuten\u00e7\u00e3o e d\u00e1 uma sensa\u00e7\u00e3o t\u00e3o boa quanto a grama natural.<\/p>\n\n\n\n<figure class=\"wp-block-image size-large\"><img loading=\"lazy\" width=\"534\" height=\"750\" src=\"https:\/\/zenwellness.com.br\/blog\/wp-content\/uploads\/2020\/02\/3.Andrea-Carla-Dinelli.jpg\" alt=\"\" class=\"wp-image-11002\" srcset=\"https:\/\/zenwellness.com.br\/blog\/wp-content\/uploads\/2020\/02\/3.Andrea-Carla-Dinelli.jpg 534w, https:\/\/zenwellness.com.br\/blog\/wp-content\/uploads\/2020\/02\/3.Andrea-Carla-Dinelli-214x300.jpg 214w, https:\/\/zenwellness.com.br\/blog\/wp-content\/uploads\/2020\/02\/3.Andrea-Carla-Dinelli-300x421.jpg 300w, https:\/\/zenwellness.com.br\/blog\/wp-content\/uploads\/2020\/02\/3.Andrea-Carla-Dinelli-400x562.jpg 400w\" sizes=\"(max-width: 534px) 100vw, 534px\" \/><\/figure>\n\n\n\n<h2><strong>2) Estilo dos m\u00f3veis<\/strong><\/h2>\n\n\n\n<p>N\u00e3o \u00e9 dif\u00edcil encontrar m\u00f3veis em estilo zen. O mobili\u00e1rio oriental \u00e9 caracterizado por um assento baixo com almofadas macias e uma mesa de centro baixa. Voc\u00ea pode optar por tecidos artesanais, que atendam perfeitamente a uma decora\u00e7\u00e3o zen. Se for o caso, invista em m\u00f3veis que exijam manuten\u00e7\u00e3o m\u00ednima, feitos de material dur\u00e1vel e, de prefer\u00eancia, sejam resistentes \u00e0 \u00e1gua e aos raios UV.<\/p>\n\n\n\n<p>Outra boa op\u00e7\u00e3o \u00e9 criar um nicho confort\u00e1vel na varanda com bancos de pallet, completos com almofadas ou futons, que podem ser em um tema oriental, ou como voc\u00ea preferir. Complemente-os com uma pequena mesa baixa, tamb\u00e9m de de pallet, decore com um vaso de cer\u00e2mica &#8211; quem sabe um bonsai &#8211; e alguns queimadores de incenso. Lembre-se de manter as coisas minimalistas!<\/p>\n\n\n\n<figure class=\"wp-block-image size-large\"><img loading=\"lazy\" width=\"534\" height=\"750\" src=\"https:\/\/zenwellness.com.br\/blog\/wp-content\/uploads\/2020\/02\/4.Coisas-da-Leia.jpg\" alt=\"\" class=\"wp-image-11003\" srcset=\"https:\/\/zenwellness.com.br\/blog\/wp-content\/uploads\/2020\/02\/4.Coisas-da-Leia.jpg 534w, https:\/\/zenwellness.com.br\/blog\/wp-content\/uploads\/2020\/02\/4.Coisas-da-Leia-214x300.jpg 214w, https:\/\/zenwellness.com.br\/blog\/wp-content\/uploads\/2020\/02\/4.Coisas-da-Leia-300x421.jpg 300w, https:\/\/zenwellness.com.br\/blog\/wp-content\/uploads\/2020\/02\/4.Coisas-da-Leia-400x562.jpg 400w\" sizes=\"(max-width: 534px) 100vw, 534px\" \/><\/figure>\n\n\n\n<h2><strong>3) Vasos e plantas<\/strong><\/h2>\n\n\n\n<p>Um elemento importante para levar o zen \u00e0 sua varanda \u00e9 a sele\u00e7\u00e3o cuidadosa dos vasos e plantas que voc\u00ea adicionaria nessa \u00e1rea. Para um estilo oriental perfeito, escolha vasos pequenos e oblongos, preferencialmente em cer\u00e2mica, para a decora\u00e7\u00e3o da mesa central.&nbsp;<\/p>\n\n\n\n<p>Para arbustos e bambus mais altos, considere vasos de rochas ou pedras. Potes e arranjos interessantes para pendurar melhoram a apar\u00eancia geral da varanda e garantem uma composi\u00e7\u00e3o harmoniosa.&nbsp;<\/p>\n\n\n\n<p>Adicione v\u00e1rios pequenos recipientes de pedra cheios de cris\u00e2ntemos, papoilas ou outras de plantio simples para tornar a apar\u00eancia mais elaborada, ou simplesmente adicione uma pequena bandeja de ch\u00e3o com algumas pedras e um pouco de grama verde.<\/p>\n\n\n\n<figure class=\"wp-block-image size-large\"><img loading=\"lazy\" width=\"534\" height=\"750\" src=\"https:\/\/zenwellness.com.br\/blog\/wp-content\/uploads\/2020\/02\/5.Construindo-Minha-Casa-Clean.jpg\" alt=\"\" class=\"wp-image-11004\" srcset=\"https:\/\/zenwellness.com.br\/blog\/wp-content\/uploads\/2020\/02\/5.Construindo-Minha-Casa-Clean.jpg 534w, https:\/\/zenwellness.com.br\/blog\/wp-content\/uploads\/2020\/02\/5.Construindo-Minha-Casa-Clean-214x300.jpg 214w, https:\/\/zenwellness.com.br\/blog\/wp-content\/uploads\/2020\/02\/5.Construindo-Minha-Casa-Clean-300x421.jpg 300w, https:\/\/zenwellness.com.br\/blog\/wp-content\/uploads\/2020\/02\/5.Construindo-Minha-Casa-Clean-400x562.jpg 400w\" sizes=\"(max-width: 534px) 100vw, 534px\" \/><\/figure>\n\n\n\n<h2><strong>4) Elemento \u00c1gua<\/strong><\/h2>\n\n\n\n<p>A \u00e1gua \u00e9 um elemento importante na maneira de pensar zen e, portanto, uma pequena fonte pode funcionar bem na decora\u00e7\u00e3o! A \u00e1gua adiciona a calma e d\u00e1 \u00e0 sua varanda ar de unidade com a natureza.<\/p>\n\n\n\n<figure class=\"wp-block-image size-large\"><img loading=\"lazy\" width=\"500\" height=\"500\" src=\"https:\/\/zenwellness.com.br\/blog\/wp-content\/uploads\/2020\/02\/6.Revista-Casa-e-Jardim.jpg\" alt=\"\" class=\"wp-image-11005\" srcset=\"https:\/\/zenwellness.com.br\/blog\/wp-content\/uploads\/2020\/02\/6.Revista-Casa-e-Jardim.jpg 500w, https:\/\/zenwellness.com.br\/blog\/wp-content\/uploads\/2020\/02\/6.Revista-Casa-e-Jardim-300x300.jpg 300w, https:\/\/zenwellness.com.br\/blog\/wp-content\/uploads\/2020\/02\/6.Revista-Casa-e-Jardim-150x150.jpg 150w, https:\/\/zenwellness.com.br\/blog\/wp-content\/uploads\/2020\/02\/6.Revista-Casa-e-Jardim-400x400.jpg 400w\" sizes=\"(max-width: 500px) 100vw, 500px\" \/><\/figure>\n\n\n\n<h2><strong>5) Decora\u00e7\u00e3o da varanda<\/strong><\/h2>\n\n\n\n<p>Enquanto estatuetas e candelabros adicionam algum estilo aos cantos e tampos das mesas, boas obras de arte dar\u00e3o \u00e0s paredes o aspecto relaxante perfeito e trar\u00e3o vida a toda a ideia de varanda zen.&nbsp;<\/p>\n\n\n\n<p>Invista em algumas boas artes da parede e d\u00ea o toque oriental \u00e0s suas varandas. Mas v\u00e1 com calma, e certifique-se de n\u00e3o exagerar. Mantenha tudo em linhas organizadas e opte por uma decora\u00e7\u00e3o minimalista.&nbsp;<\/p>\n\n\n\n<figure class=\"wp-block-image size-large\"><img loading=\"lazy\" width=\"534\" height=\"750\" src=\"https:\/\/zenwellness.com.br\/blog\/wp-content\/uploads\/2020\/02\/7.Casa-e-Jardim.jpg\" alt=\"\" class=\"wp-image-11006\" srcset=\"https:\/\/zenwellness.com.br\/blog\/wp-content\/uploads\/2020\/02\/7.Casa-e-Jardim.jpg 534w, https:\/\/zenwellness.com.br\/blog\/wp-content\/uploads\/2020\/02\/7.Casa-e-Jardim-214x300.jpg 214w, https:\/\/zenwellness.com.br\/blog\/wp-content\/uploads\/2020\/02\/7.Casa-e-Jardim-300x421.jpg 300w, https:\/\/zenwellness.com.br\/blog\/wp-content\/uploads\/2020\/02\/7.Casa-e-Jardim-400x562.jpg 400w\" sizes=\"(max-width: 534px) 100vw, 534px\" \/><\/figure>\n\n\n\n<p>Por fim, adicione uma pitada final de zen com algumas velas perfumadas, incensos org\u00e2nicos e, claro, use a criatividade para acrescentar alguns outros elementos, como lanternas orientais e sinos de vento.<\/p>\n","protected":false},"excerpt":{"rendered":"Varandas, sacadas e terra\u00e7os adicionam verdadeiros pulm\u00f5es ao layout geral de qualquer apartamento. Apesar de sabermos disso, eles continuam sendo os espa\u00e7os mais negligenciados e subutilizados, e h\u00e1 at\u00e9 quem sequer pise nestes ambientes no dia a dia.&nbsp; Dada a agita\u00e7\u00e3o da vida cotidiana, transformar estes lugares em um o\u00e1sis pac\u00edfico pode ser uma boa","protected":false},"author":3,"featured_media":11000,"comment_status":"open","ping_status":"open","sticky":false,"template":"","format":"standard","meta":[],"categories":[1],"tags":[],"yoast_head":"<!-- This site is optimized with the Yoast SEO plugin v19.13 - https:\/\/yoast.com\/wordpress\/plugins\/seo\/ -->\n<title>Como transformar sua varanda em um espa\u00e7o zen<\/title>\n<meta name=\"description\" content=\"Procurando um lugarzinho especial para criar seu cantinho zen? Confira essas dicas e transforme sua varanda num verdadeiro o\u00e1sis de paz.\" \/>\n<meta name=\"robots\" content=\"index, follow, max-snippet:-1, max-image-preview:large, max-video-preview:-1\" \/>\n<link rel=\"canonical\" href=\"https:\/\/zenwellness.com.br\/blog\/como-transformar-sua-varanda-em-um-espaco-zen\/\" \/>\n<meta property=\"og:locale\" content=\"pt_BR\" \/>\n<meta property=\"og:type\" content=\"article\" \/>\n<meta property=\"og:title\" content=\"Como transformar sua varanda em um espa\u00e7o zen\" \/>\n<meta property=\"og:description\" content=\"Procurando um lugarzinho especial para criar seu cantinho zen? Confira essas dicas e transforme sua varanda num verdadeiro o\u00e1sis de paz.\" \/>\n<meta property=\"og:url\" content=\"https:\/\/zenwellness.com.br\/blog\/como-transformar-sua-varanda-em-um-espaco-zen\/\" \/>\n<meta property=\"og:site_name\" content=\"Blog Zen\" \/>\n<meta property=\"article:published_time\" content=\"2020-02-27T18:38:28+00:00\" \/>\n<meta property=\"article:modified_time\" content=\"2020-03-03T12:52:09+00:00\" \/>\n<meta property=\"og:image\" content=\"https:\/\/zenwellness.com.br\/blog\/wp-content\/uploads\/2020\/02\/1.Dicas-Decora\u00e7\u00e3o.jpg\" \/>\n\t<meta property=\"og:image:width\" content=\"534\" \/>\n\t<meta property=\"og:image:height\" content=\"750\" \/>\n\t<meta property=\"og:image:type\" content=\"image\/jpeg\" \/>\n<meta name=\"author\" content=\"Zen App\" \/>\n<meta name=\"twitter:card\" content=\"summary_large_image\" \/>\n<meta name=\"twitter:label1\" content=\"Escrito por\" \/>\n\t<meta name=\"twitter:data1\" content=\"Zen App\" \/>\n\t<meta name=\"twitter:label2\" content=\"Est. tempo de leitura\" \/>\n\t<meta name=\"twitter:data2\" content=\"4 minutos\" \/>\n<script type=\"application\/ld+json\" class=\"yoast-schema-graph\">{\"@context\":\"https:\/\/schema.org\",\"@graph\":[{\"@type\":\"WebPage\",\"@id\":\"https:\/\/zenwellness.com.br\/blog\/como-transformar-sua-varanda-em-um-espaco-zen\/\",\"url\":\"https:\/\/zenwellness.com.br\/blog\/como-transformar-sua-varanda-em-um-espaco-zen\/\",\"name\":\"Como transformar sua varanda em um espa\u00e7o zen\",\"isPartOf\":{\"@id\":\"https:\/\/zenwellness.com.br\/blog\/#website\"},\"datePublished\":\"2020-02-27T18:38:28+00:00\",\"dateModified\":\"2020-03-03T12:52:09+00:00\",\"author\":{\"@id\":\"https:\/\/zenwellness.com.br\/blog\/#\/schema\/person\/dc3b6c111f1f8688c7b4c9aaedcf1334\"},\"description\":\"Procurando um lugarzinho especial para criar seu cantinho zen? Confira essas dicas e transforme sua varanda num verdadeiro o\u00e1sis de paz.\",\"breadcrumb\":{\"@id\":\"https:\/\/zenwellness.com.br\/blog\/como-transformar-sua-varanda-em-um-espaco-zen\/#breadcrumb\"},\"inLanguage\":\"pt-BR\",\"potentialAction\":[{\"@type\":\"ReadAction\",\"target\":[\"https:\/\/zenwellness.com.br\/blog\/como-transformar-sua-varanda-em-um-espaco-zen\/\"]}]},{\"@type\":\"BreadcrumbList\",\"@id\":\"https:\/\/zenwellness.com.br\/blog\/como-transformar-sua-varanda-em-um-espaco-zen\/#breadcrumb\",\"itemListElement\":[{\"@type\":\"ListItem\",\"position\":1,\"name\":\"In\u00edcio\",\"item\":\"https:\/\/zenwellness.com.br\/blog\/\"},{\"@type\":\"ListItem\",\"position\":2,\"name\":\"N\u00e3o categorizado\",\"item\":\"https:\/\/zenwellness.com.br\/blog\/nao-categorizado\/\"},{\"@type\":\"ListItem\",\"position\":3,\"name\":\"Como transformar sua varanda em um espa\u00e7o zen\"}]},{\"@type\":\"WebSite\",\"@id\":\"https:\/\/zenwellness.com.br\/blog\/#website\",\"url\":\"https:\/\/zenwellness.com.br\/blog\/\",\"name\":\"Blog Zen\",\"description\":\"\",\"potentialAction\":[{\"@type\":\"SearchAction\",\"target\":{\"@type\":\"EntryPoint\",\"urlTemplate\":\"https:\/\/zenwellness.com.br\/blog\/?s={search_term_string}\"},\"query-input\":\"required name=search_term_string\"}],\"inLanguage\":\"pt-BR\"},{\"@type\":\"Person\",\"@id\":\"https:\/\/zenwellness.com.br\/blog\/#\/schema\/person\/dc3b6c111f1f8688c7b4c9aaedcf1334\",\"name\":\"Zen App\",\"image\":{\"@type\":\"ImageObject\",\"inLanguage\":\"pt-BR\",\"@id\":\"https:\/\/zenwellness.com.br\/blog\/#\/schema\/person\/image\/\",\"url\":\"https:\/\/secure.gravatar.com\/avatar\/e1a1039aa8b9eabcae4ac096ddf633a4?s=96&d=mm&r=g\",\"contentUrl\":\"https:\/\/secure.gravatar.com\/avatar\/e1a1039aa8b9eabcae4ac096ddf633a4?s=96&d=mm&r=g\",\"caption\":\"Zen App\"},\"url\":\"https:\/\/zenwellness.com.br\/blog\/author\/zenapp\/\"}]}<\/script>\n<!-- \/ Yoast SEO plugin. -->","yoast_head_json":{"title":"Como transformar sua varanda em um espa\u00e7o zen","description":"Procurando um lugarzinho especial para criar seu cantinho zen? Confira essas dicas e transforme sua varanda num verdadeiro o\u00e1sis de paz.","robots":{"index":"index","follow":"follow","max-snippet":"max-snippet:-1","max-image-preview":"max-image-preview:large","max-video-preview":"max-video-preview:-1"},"canonical":"https:\/\/zenwellness.com.br\/blog\/como-transformar-sua-varanda-em-um-espaco-zen\/","og_locale":"pt_BR","og_type":"article","og_title":"Como transformar sua varanda em um espa\u00e7o zen","og_description":"Procurando um lugarzinho especial para criar seu cantinho zen? Confira essas dicas e transforme sua varanda num verdadeiro o\u00e1sis de paz.","og_url":"https:\/\/zenwellness.com.br\/blog\/como-transformar-sua-varanda-em-um-espaco-zen\/","og_site_name":"Blog Zen","article_published_time":"2020-02-27T18:38:28+00:00","article_modified_time":"2020-03-03T12:52:09+00:00","og_image":[{"width":534,"height":750,"url":"https:\/\/zenwellness.com.br\/blog\/wp-content\/uploads\/2020\/02\/1.Dicas-Decora\u00e7\u00e3o.jpg","type":"image\/jpeg"}],"author":"Zen App","twitter_card":"summary_large_image","twitter_misc":{"Escrito por":"Zen App","Est. tempo de leitura":"4 minutos"},"schema":{"@context":"https:\/\/schema.org","@graph":[{"@type":"WebPage","@id":"https:\/\/zenwellness.com.br\/blog\/como-transformar-sua-varanda-em-um-espaco-zen\/","url":"https:\/\/zenwellness.com.br\/blog\/como-transformar-sua-varanda-em-um-espaco-zen\/","name":"Como transformar sua varanda em um espa\u00e7o zen","isPartOf":{"@id":"https:\/\/zenwellness.com.br\/blog\/#website"},"datePublished":"2020-02-27T18:38:28+00:00","dateModified":"2020-03-03T12:52:09+00:00","author":{"@id":"https:\/\/zenwellness.com.br\/blog\/#\/schema\/person\/dc3b6c111f1f8688c7b4c9aaedcf1334"},"description":"Procurando um lugarzinho especial para criar seu cantinho zen? Confira essas dicas e transforme sua varanda num verdadeiro o\u00e1sis de paz.","breadcrumb":{"@id":"https:\/\/zenwellness.com.br\/blog\/como-transformar-sua-varanda-em-um-espaco-zen\/#breadcrumb"},"inLanguage":"pt-BR","potentialAction":[{"@type":"ReadAction","target":["https:\/\/zenwellness.com.br\/blog\/como-transformar-sua-varanda-em-um-espaco-zen\/"]}]},{"@type":"BreadcrumbList","@id":"https:\/\/zenwellness.com.br\/blog\/como-transformar-sua-varanda-em-um-espaco-zen\/#breadcrumb","itemListElement":[{"@type":"ListItem","position":1,"name":"In\u00edcio","item":"https:\/\/zenwellness.com.br\/blog\/"},{"@type":"ListItem","position":2,"name":"N\u00e3o categorizado","item":"https:\/\/zenwellness.com.br\/blog\/nao-categorizado\/"},{"@type":"ListItem","position":3,"name":"Como transformar sua varanda em um espa\u00e7o zen"}]},{"@type":"WebSite","@id":"https:\/\/zenwellness.com.br\/blog\/#website","url":"https:\/\/zenwellness.com.br\/blog\/","name":"Blog Zen","description":"","potentialAction":[{"@type":"SearchAction","target":{"@type":"EntryPoint","urlTemplate":"https:\/\/zenwellness.com.br\/blog\/?s={search_term_string}"},"query-input":"required name=search_term_string"}],"inLanguage":"pt-BR"},{"@type":"Person","@id":"https:\/\/zenwellness.com.br\/blog\/#\/schema\/person\/dc3b6c111f1f8688c7b4c9aaedcf1334","name":"Zen App","image":{"@type":"ImageObject","inLanguage":"pt-BR","@id":"https:\/\/zenwellness.com.br\/blog\/#\/schema\/person\/image\/","url":"https:\/\/secure.gravatar.com\/avatar\/e1a1039aa8b9eabcae4ac096ddf633a4?s=96&d=mm&r=g","contentUrl":"https:\/\/secure.gravatar.com\/avatar\/e1a1039aa8b9eabcae4ac096ddf633a4?s=96&d=mm&r=g","caption":"Zen App"},"url":"https:\/\/zenwellness.com.br\/blog\/author\/zenapp\/"}]}},"_links":{"self":[{"href":"https:\/\/zenwellness.com.br\/blog\/wp-json\/wp\/v2\/posts\/10997"}],"collection":[{"href":"https:\/\/zenwellness.com.br\/blog\/wp-json\/wp\/v2\/posts"}],"about":[{"href":"https:\/\/zenwellness.com.br\/blog\/wp-json\/wp\/v2\/types\/post"}],"author":[{"embeddable":true,"href":"https:\/\/zenwellness.com.br\/blog\/wp-json\/wp\/v2\/users\/3"}],"replies":[{"embeddable":true,"href":"https:\/\/zenwellness.com.br\/blog\/wp-json\/wp\/v2\/comments?post=10997"}],"version-history":[{"count":2,"href":"https:\/\/zenwellness.com.br\/blog\/wp-json\/wp\/v2\/posts\/10997\/revisions"}],"predecessor-version":[{"id":11069,"href":"https:\/\/zenwellness.com.br\/blog\/wp-json\/wp\/v2\/posts\/10997\/revisions\/11069"}],"wp:featuredmedia":[{"embeddable":true,"href":"https:\/\/zenwellness.com.br\/blog\/wp-json\/wp\/v2\/media\/11000"}],"wp:attachment":[{"href":"https:\/\/zenwellness.com.br\/blog\/wp-json\/wp\/v2\/media?parent=10997"}],"wp:term":[{"taxonomy":"category","embeddable":true,"href":"https:\/\/zenwellness.com.br\/blog\/wp-json\/wp\/v2\/categories?post=10997"},{"taxonomy":"post_tag","embeddable":true,"href":"https:\/\/zenwellness.com.br\/blog\/wp-json\/wp\/v2\/tags?post=10997"}],"curies":[{"name":"wp","href":"https:\/\/api.w.org\/{rel}","templated":true}]}}